{"id":732,"date":"2015-06-03T08:20:27","date_gmt":"2015-06-03T08:20:27","guid":{"rendered":"http:\/\/lifepinassa.eu\/?p=732"},"modified":"2015-06-03T08:51:43","modified_gmt":"2015-06-03T08:51:43","slug":"un-projecte-europeu-millorara-lestat-dels-boscos-de-pinedes-a-catalunya-2","status":"publish","type":"post","link":"https:\/\/lifepinassa.eu\/?p=732","title":{"rendered":"Un Projecte Europeu millorar\u00e0 l&#8217;estat dels boscos de pinedes a Catalunya"},"content":{"rendered":"<p><a href=\"http:\/\/lifepinassa.eu\/wp-content\/uploads\/2015\/06\/Trasobares-Pinassa-LIFE-presentacio.jpg\"><img decoding=\"async\" loading=\"lazy\" class=\"size-medium wp-image-728 alignleft\" src=\"http:\/\/lifepinassa.eu\/wp-content\/uploads\/2015\/06\/Trasobares-Pinassa-LIFE-presentacio-296x300.jpg\" alt=\"Trasobares-Pinassa-LIFE-presentacio\" width=\"296\" height=\"300\" hspace=\"10\" srcset=\"https:\/\/lifepinassa.eu\/wp-content\/uploads\/2015\/06\/Trasobares-Pinassa-LIFE-presentacio-296x300.jpg 296w, https:\/\/lifepinassa.eu\/wp-content\/uploads\/2015\/06\/Trasobares-Pinassa-LIFE-presentacio-100x101.jpg 100w, https:\/\/lifepinassa.eu\/wp-content\/uploads\/2015\/06\/Trasobares-Pinassa-LIFE-presentacio-150x151.jpg 150w, https:\/\/lifepinassa.eu\/wp-content\/uploads\/2015\/06\/Trasobares-Pinassa-LIFE-presentacio-200x202.jpg 200w, https:\/\/lifepinassa.eu\/wp-content\/uploads\/2015\/06\/Trasobares-Pinassa-LIFE-presentacio-300x303.jpg 300w, https:\/\/lifepinassa.eu\/wp-content\/uploads\/2015\/06\/Trasobares-Pinassa-LIFE-presentacio.jpg 336w\" sizes=\"(max-width: 296px) 100vw, 296px\" \/><\/a><\/p>\n<p>El director general del Medi Natural i Biodiversitat, Antoni Trasobares, el dimarts 2 de juny del 2015 ha presentat el projecte europeu LIFE+PINASSA que pret\u00e9n millorar de manera significativa la capacitat d\u2019adaptaci\u00f3 i de resist\u00e8ncia dels boscos de pinassa al canvi clim\u00e0tic.<\/p>\n<p><strong><a title=\"LIFE+ Pinassa - presentaci\u00f3 DAAM\" href=\"http:\/\/goo.gl\/9ecwUY\">Consulteu aqu\u00ed la nota de premsa del DAAM.<\/a><\/strong><\/p>\n<p>Fruit de la roda de premsa s&#8217;han publicat varies not\u00edcies als mitjans:<\/p>\n<p>&#8211;\u00a0<a href=\"http:\/\/www.lavanguardia.com\/vida\/20150602\/54431575335\/un-proyecto-de-la-ue-quiere-recuperar-el-pino-negral-en-cataluna.html\" target=\"_blank\">Un proyecto de la UE quiere recuperar el pino negral en Catalunya (La Vanguardia, 02\/06\/2015)<\/a><\/p>\n<p>&#8211;\u00a0<a href=\"http:\/\/acn.cat\/acn\/791677\/General\/text\/life-pinassa-bosc-recuperacio-de-boscos-actuacions-forestals.html#\" target=\"_blank\">Un projecte europeu treballar\u00e0 durant els propers 4 anys per a la conservaci\u00f3 i adaptaci\u00f3 dels boscos de pinassa (ACN, 02\/06\/2015)<\/a><\/p>\n<p class=\"t1\">\n","protected":false},"excerpt":{"rendered":"<p>El director general del Medi Natural i Biodiversitat, Antoni Trasobares, el dimarts 2 de juny del 2015 ha presentat el projecte europeu LIFE+PINASSA que pret\u00e9n millorar de manera significativa la capacitat d\u2019adaptaci\u00f3 i de resist\u00e8ncia dels boscos de pinassa al<span class=\"ellipsis\">&hellip;<\/span><\/p>\n<div class=\"read-more\"><a href=\"https:\/\/lifepinassa.eu\/?p=732\">Read more &#8250;<\/a><\/div>\n<p><!-- end of .read-more --><\/p>\n","protected":false},"author":1,"featured_media":0,"comment_status":"open","ping_status":"open","sticky":false,"template":"","format":"standard","meta":{"om_disable_all_campaigns":false,"_mi_skip_tracking":false,"ngg_post_thumbnail":0},"categories":[61],"tags":[],"aioseo_notices":[],"_links":{"self":[{"href":"https:\/\/lifepinassa.eu\/index.php?rest_route=\/wp\/v2\/posts\/732"}],"collection":[{"href":"https:\/\/lifepinassa.eu\/index.php?rest_route=\/wp\/v2\/posts"}],"about":[{"href":"https:\/\/lifepinassa.eu\/index.php?rest_route=\/wp\/v2\/types\/post"}],"author":[{"embeddable":true,"href":"https:\/\/lifepinassa.eu\/index.php?rest_route=\/wp\/v2\/users\/1"}],"replies":[{"embeddable":true,"href":"https:\/\/lifepinassa.eu\/index.php?rest_route=%2Fwp%2Fv2%2Fcomments&post=732"}],"version-history":[{"count":1,"href":"https:\/\/lifepinassa.eu\/index.php?rest_route=\/wp\/v2\/posts\/732\/revisions"}],"predecessor-version":[{"id":733,"href":"https:\/\/lifepinassa.eu\/index.php?rest_route=\/wp\/v2\/posts\/732\/revisions\/733"}],"wp:attachment":[{"href":"https:\/\/lifepinassa.eu\/index.php?rest_route=%2Fwp%2Fv2%2Fmedia&parent=732"}],"wp:term":[{"taxonomy":"category","embeddable":true,"href":"https:\/\/lifepinassa.eu\/index.php?rest_route=%2Fwp%2Fv2%2Fcategories&post=732"},{"taxonomy":"post_tag","embeddable":true,"href":"https:\/\/lifepinassa.eu\/index.php?rest_route=%2Fwp%2Fv2%2Ftags&post=732"}],"curies":[{"name":"wp","href":"https:\/\/api.w.org\/{rel}","templated":true}]}}