{"id":704,"date":"2015-05-28T08:44:09","date_gmt":"2015-05-28T08:44:09","guid":{"rendered":"http:\/\/lifepinassa.eu\/?p=704"},"modified":"2015-06-03T08:51:55","modified_gmt":"2015-06-03T08:51:55","slug":"presentacio-tecnica-del-projecte-europeu-lifepinassa-2-de-juny-a-la-pedrera","status":"publish","type":"post","link":"https:\/\/lifepinassa.eu\/?p=704","title":{"rendered":"Presentaci\u00f3 t\u00e8cnica del projecte europeu LIFE+PINASSA &#8211; 2 de juny a La Pedrera"},"content":{"rendered":"<h5><strong>Convocat\u00f2ria de roda de premsa &#8211;\u00a0<\/strong><strong>Presentaci\u00f3 t\u00e8cnica del projecte europeu LIFE+PINASSA\u00a0(LIFE13 NAT\/ES\/000724)<\/strong><\/h5>\n<p>El director general de Medi Natural i Biodiversitat, Antoni Trasobares, acompanyat de la senyora Teresa Cervera, cap de l\u2019\u00c0rea de Foment de la Gesti\u00f3 Forestal Sostenible del Centre de la Propietat Forestal, soci coordinador del projecte, presentar\u00e0 el dimarts dia 2 de juny a les 10.30h a la Sala 4 Gats de La Pedrera el projecte europeu LIFE+PINASSA.<\/p>\n<p>L\u2019acte tamb\u00e9 comptar\u00e0 amb l\u2019assist\u00e8ncia del director de l\u2019\u00c0rea de Territori i Medi Ambient de la Fundaci\u00f3 Catalunya-La Pedrera, Miquel Rafa, del director gerent del Centre de la Propietat Forestal, Juan Lu\u00eds Abi\u00e1n i del director del Centre Tecnol\u00f2gic Forestal de Catalunya, Denis Boglio, tots ells socis beneficiaris del projecte.<\/p>\n<p>Les pinedes de pinassa (<em>Pinus nigra<\/em>) ocupen m\u00e9s de 120.000 hect\u00e0rees a Catalunya, entre boscos\u00a0 purs i mixtos, i estan considerades dins la Directiva H\u00e1bitats com a h\u00e0bitat priroritari d\u2019inter\u00e8s comunitari. La pinassa t\u00e9 una gran rellev\u00e0ncia econ\u00f2mica i social a Catalunya i \u00e9s un dels pins amb major contribuci\u00f3 al mercat de la fusta catal\u00e0 (20%, darrera del pi roig i el pi blanc). En les darreres d\u00e8cades, la superf\u00edcie i la qualitat de les pinedes de pinassa ha patit una regressi\u00f3 a Catalunya, i s\u00f3n considerades un h\u00e0bitat especialment vulnerable als efectes del canvi clim\u00e0tic.<\/p>\n<p>L\u2019objectiu del projecte LIFE+PINASSA \u00e9s millorar l\u2019estat de conservaci\u00f3 dels boscos de pinassa, amb la previsi\u00f3 de qu\u00e8 el canvi clim\u00e0tic pugui reduir la seva \u00e0rea de distribuci\u00f3, sobre tot en les zones m\u00e9s meridionals i que l\u2019h\u00e0bitat on es localitza l\u2019esp\u00e8cie a Catalunya suporta actualment processos de degradaci\u00f3 i de regressi\u00f3 amb masses arbrades desestructurades, amb dificultat de regeneraci\u00f3, afectades per grans incendis forestals i exposades, tamb\u00e9, a futurs incendis forestals.<\/p>\n<p>Al llarg del projecte, que finalitza l\u2019any 2018, es realitzar\u00e0 una s\u00e8rie d\u2019accions, principalment actuacions silv\u00edcoles amb un alt component demostratiu, amb l\u2019objectiu de millorar de forma significativa la capacitat d\u2019adaptaci\u00f3 i de resist\u00e8ncia i resili\u00e8ncia dels boscos de pinassa al canvi clim\u00e0tic.<\/p>\n<p>Les actuacions del projectes es duran a terme en 10 Zones Especials de Conservaci\u00f3 (ZEC) diferents, 5 situades en la regi\u00f3 prepirinenca i central i la resta en la regi\u00f3 meridional.<\/p>\n<p>&nbsp;<\/p>\n<h5><span style=\"text-decoration: underline;\">Informaci\u00f3 de la roda de premsa per a la presentaci\u00f3 del projecte europeu LIFE+PINASSA<\/span><\/h5>\n<p style=\"padding-left: 30px;\">Data: 2 de juny de 2015<\/p>\n<p style=\"padding-left: 30px;\">Hora d&#8217;inici: 10.30 h.<\/p>\n<p style=\"padding-left: 30px;\">Hora d&#8217;acabament: 11.30 h.<\/p>\n<p style=\"padding-left: 30px;\">Lloc: \u00a0Sala 4 Gats,\u00a0La Pedrera.\u00a0Carrer Proven\u00e7a, 261-265.\u00a008008 Barcelona<\/p>\n<table style=\"height: 155px;\" width=\"884\">\n<thead>\n<tr>\n<td colspan=\"2\">\n<h5>Programa de la presentaci\u00f3<\/h5>\n<\/td>\n<\/tr>\n<\/thead>\n<tbody>\n<tr>\n<td style=\"vertical-align: top;\" width=\"50\">\u00a010.30 h<\/td>\n<td style=\"vertical-align: top;\">Benvinguda, a c\u00e0rrec del senyor Antoni Trasobares, director general del Medi Natural i Biodiversitat.<\/td>\n<\/tr>\n<tr>\n<td style=\"vertical-align: top;\" width=\"50\">\u00a010.40 h<\/td>\n<td style=\"vertical-align: top;\">Presentaci\u00f3 t\u00e8cnica del projecte, a c\u00e0rrec de la senyora Teresa Cervera, com a representant del Centre de la Propietat Forestal, soci coordinador del projecte.<\/td>\n<\/tr>\n<tr>\n<td style=\"vertical-align: top;\" width=\"50\">\u00a010.50 h<\/td>\n<td style=\"vertical-align: top;\">Principals accions que s\u2019implementaran en el territori, a c\u00e0rrec de cada un dels socis del projecte<\/p>\n<ul>\n<li>Dra. M\u00edriam Piqu\u00e9 (Centre Tecnol\u00f2gic Forestal de Catalunya)<\/li>\n<li>Dr. Jordi Camprodon (Centre Tecnol\u00f2gic forestal de Catalunya)<\/li>\n<li>Sr. Josep Maria Fabra (Fundaci\u00f3 Catalunya \u2013 La Pedrera)<\/li>\n<li>Sr. Asier Larra\u00f1aga (Bombers \u2013 Departament d\u2019Interior)<\/li>\n<\/ul>\n<\/td>\n<\/tr>\n<tr>\n<td style=\"vertical-align: top;\" width=\"50\">\u00a011.10 h<\/td>\n<td style=\"vertical-align: top;\">Cloenda de l\u2019acte, a c\u00e0rrec del senyor Miquel Rafa, Director de l\u2019\u00c0rea de Territori i Medi Ambient de la Fundaci\u00f3 Catalunya \u2013 Pedrera.<\/td>\n<\/tr>\n<tr>\n<td style=\"vertical-align: top;\" width=\"50\">\u00a011.15 h<\/td>\n<td style=\"vertical-align: top;\">Torn de preguntes<\/td>\n<\/tr>\n<tr>\n<td style=\"vertical-align: top;\" width=\"50\">\u00a011.30 h<\/td>\n<td style=\"vertical-align: top;\">\u00a0\u00a0Finalitzaci\u00f3<\/td>\n<\/tr>\n<\/tbody>\n<\/table>\n","protected":false},"excerpt":{"rendered":"<p>Convocat\u00f2ria de roda de premsa &#8211;\u00a0Presentaci\u00f3 t\u00e8cnica del projecte europeu LIFE+PINASSA\u00a0(LIFE13 NAT\/ES\/000724) El director general de Medi Natural i Biodiversitat, Antoni Trasobares, acompanyat de la senyora Teresa Cervera, cap de l\u2019\u00c0rea de Foment de la Gesti\u00f3 Forestal Sostenible del Centre<span class=\"ellipsis\">&hellip;<\/span><\/p>\n<div class=\"read-more\"><a href=\"https:\/\/lifepinassa.eu\/?p=704\">Read more &#8250;<\/a><\/div>\n<p><!-- end of .read-more --><\/p>\n","protected":false},"author":1,"featured_media":0,"comment_status":"open","ping_status":"open","sticky":false,"template":"","format":"standard","meta":{"om_disable_all_campaigns":false,"_mi_skip_tracking":false,"ngg_post_thumbnail":0},"categories":[61],"tags":[],"aioseo_notices":[],"_links":{"self":[{"href":"https:\/\/lifepinassa.eu\/index.php?rest_route=\/wp\/v2\/posts\/704"}],"collection":[{"href":"https:\/\/lifepinassa.eu\/index.php?rest_route=\/wp\/v2\/posts"}],"about":[{"href":"https:\/\/lifepinassa.eu\/index.php?rest_route=\/wp\/v2\/types\/post"}],"author":[{"embeddable":true,"href":"https:\/\/lifepinassa.eu\/index.php?rest_route=\/wp\/v2\/users\/1"}],"replies":[{"embeddable":true,"href":"https:\/\/lifepinassa.eu\/index.php?rest_route=%2Fwp%2Fv2%2Fcomments&post=704"}],"version-history":[{"count":17,"href":"https:\/\/lifepinassa.eu\/index.php?rest_route=\/wp\/v2\/posts\/704\/revisions"}],"predecessor-version":[{"id":724,"href":"https:\/\/lifepinassa.eu\/index.php?rest_route=\/wp\/v2\/posts\/704\/revisions\/724"}],"wp:attachment":[{"href":"https:\/\/lifepinassa.eu\/index.php?rest_route=%2Fwp%2Fv2%2Fmedia&parent=704"}],"wp:term":[{"taxonomy":"category","embeddable":true,"href":"https:\/\/lifepinassa.eu\/index.php?rest_route=%2Fwp%2Fv2%2Fcategories&post=704"},{"taxonomy":"post_tag","embeddable":true,"href":"https:\/\/lifepinassa.eu\/index.php?rest_route=%2Fwp%2Fv2%2Ftags&post=704"}],"curies":[{"name":"wp","href":"https:\/\/api.w.org\/{rel}","templated":true}]}}