{"id":703,"date":"2015-05-28T09:00:01","date_gmt":"2015-05-28T09:00:01","guid":{"rendered":"http:\/\/lifepinassa.eu\/?p=703"},"modified":"2015-05-29T08:06:26","modified_gmt":"2015-05-29T08:06:26","slug":"presentacion-tecnica-del-proyecto-europeo-lifepinassa-2-de-junio-en-la-pedrera","status":"publish","type":"post","link":"https:\/\/lifepinassa.eu\/?p=703","title":{"rendered":"Presentaci\u00f3n t\u00e9cnica del proyecto europeo LIFE+PINASSA &#8211; 2 de junio en La Pedrera"},"content":{"rendered":"<h5><strong>Convocat\u00f3ria de rueda de prensa &#8211;\u00a0Presentaci\u00f3n t\u00e9cnica del proyecto europeo<\/strong><strong>\u00a0LIFE+PINASSA\u00a0(LIFE13 NAT\/ES\/000724)<\/strong><\/h5>\n<p>El director general de Medio Natural y Biodiversidad, Antonio Trasobares, acompa\u00f1ado de la se\u00f1ora Teresa Cervera, jefa del \u00c1rea de Fomento de la Gesti\u00f3n Forestal Sostenible del Centro de la Propiedad Forestal, socio coordinador del proyecto, presentar\u00e1 el martes d\u00eda 2 de junio a las 10.30h en la Sala 4 Gats de La Pedrera el proyecto europeo LIFE + Pinassa.<\/p>\n<p>El acto tambi\u00e9n contar\u00e1 con la asistencia del director del \u00c1rea de Territorio y Medio Ambiente de la Fundaci\u00f3n Catalunya-La Pedrera, Miquel Rafa, del director gerente del Centro de la Propiedad Forestal, Juan Lu\u00eds Abi\u00e1n y del director del Centro Tecnol\u00f3gico Forestal de Catalu\u00f1a, Denis Boglio, todos ellos socios beneficiarios del proyecto.<\/p>\n<p>Los pinares de pino laricio (Pinus nigra) ocupan m\u00e1s de 120.000 hect\u00e1reas en Catalu\u00f1a, entre bosques puros y mixtos, y est\u00e1n consideradas dentro de la Directiva H\u00e1bitats como h\u00e1bitat prioritario de inter\u00e9s comunitario. El pino laricio tiene una gran relevancia econ\u00f3mica y social en Catalu\u00f1a y es uno de los pinos con mayor contribuci\u00f3n al mercado de la madera catal\u00e1n (20%, detr\u00e1s del pino rojo y el pino blanco). En las \u00faltimas d\u00e9cadas, la superficie y la calidad de los pinares de pino laricio ha sufrido una regresi\u00f3n en Catalu\u00f1a, y son consideradas un h\u00e1bitat especialmente vulnerable a los efectos del cambio clim\u00e1tico.<\/p>\n<p>El objetivo del proyecto LIFE+ Pinassa es mejorar el estado de conservaci\u00f3n de los bosques de pino, con la previsi\u00f3n de que el cambio clim\u00e1tico pueda reducir su \u00e1rea de distribuci\u00f3n, sobre todo en las zonas m\u00e1s meridionales y que el h\u00e1bitat donde se localiza la especie en Catalu\u00f1a soporta actualmente procesos de degradaci\u00f3n y de regresi\u00f3n con masas arboladas desestructuradas, con dificultad de regeneraci\u00f3n, afectadas por grandes incendios forestales y expuestas tambi\u00e9n a futuros incendios forestales.<\/p>\n<p>A lo largo del proyecto, que finaliza en el a\u00f1o 2018, se realizaran una serie de acciones, principalmente actuaciones silv\u00edcolas con un alto componente demostrativo, con el objetivo de mejorar de forma significativa la capacidad de adaptaci\u00f3n y de resistencia y resiliencia de los bosques de pino al cambio clim\u00e1tico.<\/p>\n<p>Las actuaciones del proyectos se llevar\u00e1n a cabo en 10 Zonas Especiales de Conservaci\u00f3n (ZEC) diferentes, 5 situadas en la regi\u00f3n prepirenaica y central y el resto en la regi\u00f3n meridional.<\/p>\n<p>&nbsp;<\/p>\n<h5><span style=\"text-decoration: underline;\">Informaci\u00f3n de la rueda de prensa para la presentaci\u00f3n del proyecto europeo LIFE+PINASSA<\/span><\/h5>\n<p style=\"padding-left: 30px;\">Fecha: 2 de junio de 2015<\/p>\n<p style=\"padding-left: 30px;\">Hora de inicio: 10.30 h.<\/p>\n<p style=\"padding-left: 30px;\">Hora de finalizaci\u00f3n: 11.30 h.<\/p>\n<p style=\"padding-left: 30px;\">Lugar: \u00a0Sala 4 Gats,\u00a0La Pedrera.\u00a0Carrer Proven\u00e7a, 261-265.\u00a008008 Barcelona<\/p>\n<table style=\"height: 155px;\" width=\"884\">\n<thead>\n<tr>\n<td colspan=\"2\">\n<h5><span style=\"color: #333333; font-family: Georgia, 'Times New Roman', 'Bitstream Charter', Times, serif;\"><span style=\"font-size: 13px; font-weight: normal;\">Programa de la presentaci\u00f3n<\/span><\/span><\/h5>\n<\/td>\n<\/tr>\n<\/thead>\n<tbody>\n<tr>\n<td style=\"vertical-align: top;\" width=\"50\"><span style=\"color: #333333; font-family: Georgia, 'Times New Roman', 'Bitstream Charter', Times, serif;\"><span style=\"font-size: 13px;\">\u00a010.30 h<\/span><\/span><\/td>\n<td style=\"vertical-align: top;\"><span style=\"color: #333333; font-family: Georgia, 'Times New Roman', 'Bitstream Charter', Times, serif;\"><span style=\"font-size: 13px;\">Bienvenida, a cargo del senyor Antoni Trasobares, director general de Medio Natural i Biodiversidad<\/span><\/span><\/td>\n<\/tr>\n<tr>\n<td style=\"vertical-align: top;\" width=\"50\"><span style=\"color: #333333; font-family: Georgia, 'Times New Roman', 'Bitstream Charter', Times, serif;\"><span style=\"font-size: 13px;\">\u00a010.40 h<\/span><\/span><\/td>\n<td style=\"vertical-align: top;\"><span style=\"color: #333333; font-family: Georgia, 'Times New Roman', 'Bitstream Charter', Times, serif;\"><span style=\"font-size: 13px;\">Presentaci\u00f3n t\u00e9cnica del proyecto, a cargo de la senyora Teresa Cervera, como a representante del Centro de la Propiedad Forestal, socio coordinador del proyecto<\/span><\/span><\/td>\n<\/tr>\n<tr>\n<td style=\"vertical-align: top;\" width=\"50\"><span style=\"color: #333333; font-family: Georgia, 'Times New Roman', 'Bitstream Charter', Times, serif;\"><span style=\"font-size: 13px;\">\u00a010.50 h<\/span><\/span><\/td>\n<td style=\"vertical-align: top;\"><span style=\"color: #333333; font-family: Georgia, 'Times New Roman', 'Bitstream Charter', Times, serif;\"><span style=\"font-size: 13px;\">Principales acciones que se implementaran en el territorio, a cargo de cada uno de los socios del proyecto<\/span><\/span><\/p>\n<ul>\n<li><span style=\"color: #333333; font-family: Georgia, 'Times New Roman', 'Bitstream Charter', Times, serif;\"><span style=\"font-size: 13px;\">Dra. M\u00edriam Piqu\u00e9 (Centro Tecnol\u00f3gico Forestal de Catalu\u00f1a)<\/span><\/span><\/li>\n<li><span style=\"color: #333333; font-family: Georgia, 'Times New Roman', 'Bitstream Charter', Times, serif;\"><span style=\"font-size: 13px;\">Dr. Jordi Camprodon (Centro Tecnol\u00f3gico Forestal de Catalu\u00f1a)<\/span><\/span><\/li>\n<li><span style=\"color: #333333; font-family: Georgia, 'Times New Roman', 'Bitstream Charter', Times, serif;\"><span style=\"font-size: 13px;\">Sr. Josep Maria Fabra (Fundaci\u00f3n Catalunya \u2013 La Pedrera)<\/span><\/span><\/li>\n<li><span style=\"color: #333333; font-family: Georgia, 'Times New Roman', 'Bitstream Charter', Times, serif;\"><span style=\"font-size: 13px;\">Sr. Asier Larra\u00f1aga (Bomberos \u2013 Departamento de Interior)<\/span><\/span><\/li>\n<\/ul>\n<\/td>\n<\/tr>\n<tr>\n<td style=\"vertical-align: top;\" width=\"50\"><span style=\"color: #333333; font-family: Georgia, 'Times New Roman', 'Bitstream Charter', Times, serif;\"><span style=\"font-size: 13px;\">\u00a011.10 h<\/span><\/span><\/td>\n<td style=\"vertical-align: top;\"><span style=\"color: #333333; font-family: Georgia, 'Times New Roman', 'Bitstream Charter', Times, serif;\"><span style=\"font-size: 13px;\">Clausura del acto, a cargo del senyor Miquel Rafa,\u00a0Director de la \u00c1rea de Territorio i Medio Ambiente de la Fundaci\u00f3n Catalunya \u2013 La Pedrera<\/span><\/span><\/td>\n<\/tr>\n<tr>\n<td style=\"vertical-align: top;\" width=\"50\"><span style=\"color: #333333; font-family: Georgia, 'Times New Roman', 'Bitstream Charter', Times, serif;\"><span style=\"font-size: 13px;\">\u00a011.15 h<\/span><\/span><\/td>\n<td style=\"vertical-align: top;\"><span style=\"color: #333333; font-family: Georgia, 'Times New Roman', 'Bitstream Charter', Times, serif;\"><span style=\"font-size: 13px;\">Turno de preguntas<\/span><\/span><\/td>\n<\/tr>\n<tr>\n<td style=\"vertical-align: top;\" width=\"50\"><span style=\"color: #333333; font-family: Georgia, 'Times New Roman', 'Bitstream Charter', Times, serif;\"><span style=\"font-size: 13px;\">\u00a011.30 h<\/span><\/span><\/td>\n<td style=\"vertical-align: top;\"><span style=\"color: #333333; font-family: Georgia, 'Times New Roman', 'Bitstream Charter', Times, serif;\"><span style=\"font-size: 13px;\">\u00a0\u00a0Finalizaci\u00f3n<\/span><\/span><\/td>\n<\/tr>\n<\/tbody>\n<\/table>\n","protected":false},"excerpt":{"rendered":"<p>Convocat\u00f3ria de rueda de prensa &#8211;\u00a0Presentaci\u00f3n t\u00e9cnica del proyecto europeo\u00a0LIFE+PINASSA\u00a0(LIFE13 NAT\/ES\/000724) El director general de Medio Natural y Biodiversidad, Antonio Trasobares, acompa\u00f1ado de la se\u00f1ora Teresa Cervera, jefa del \u00c1rea de Fomento de la Gesti\u00f3n Forestal Sostenible del Centro de<span class=\"ellipsis\">&hellip;<\/span><\/p>\n<div class=\"read-more\"><a href=\"https:\/\/lifepinassa.eu\/?p=703\">Read more &#8250;<\/a><\/div>\n<p><!-- end of .read-more --><\/p>\n","protected":false},"author":1,"featured_media":0,"comment_status":"open","ping_status":"open","sticky":false,"template":"","format":"standard","meta":{"om_disable_all_campaigns":false,"_mi_skip_tracking":false,"ngg_post_thumbnail":0},"categories":[3],"tags":[],"aioseo_notices":[],"_links":{"self":[{"href":"https:\/\/lifepinassa.eu\/index.php?rest_route=\/wp\/v2\/posts\/703"}],"collection":[{"href":"https:\/\/lifepinassa.eu\/index.php?rest_route=\/wp\/v2\/posts"}],"about":[{"href":"https:\/\/lifepinassa.eu\/index.php?rest_route=\/wp\/v2\/types\/post"}],"author":[{"embeddable":true,"href":"https:\/\/lifepinassa.eu\/index.php?rest_route=\/wp\/v2\/users\/1"}],"replies":[{"embeddable":true,"href":"https:\/\/lifepinassa.eu\/index.php?rest_route=%2Fwp%2Fv2%2Fcomments&post=703"}],"version-history":[{"count":3,"href":"https:\/\/lifepinassa.eu\/index.php?rest_route=\/wp\/v2\/posts\/703\/revisions"}],"predecessor-version":[{"id":725,"href":"https:\/\/lifepinassa.eu\/index.php?rest_route=\/wp\/v2\/posts\/703\/revisions\/725"}],"wp:attachment":[{"href":"https:\/\/lifepinassa.eu\/index.php?rest_route=%2Fwp%2Fv2%2Fmedia&parent=703"}],"wp:term":[{"taxonomy":"category","embeddable":true,"href":"https:\/\/lifepinassa.eu\/index.php?rest_route=%2Fwp%2Fv2%2Fcategories&post=703"},{"taxonomy":"post_tag","embeddable":true,"href":"https:\/\/lifepinassa.eu\/index.php?rest_route=%2Fwp%2Fv2%2Ftags&post=703"}],"curies":[{"name":"wp","href":"https:\/\/api.w.org\/{rel}","templated":true}]}}