{"id":1999,"date":"2018-08-10T10:08:48","date_gmt":"2018-08-10T10:08:48","guid":{"rendered":"http:\/\/lifepinassa.eu\/?p=1999"},"modified":"2018-08-10T10:18:49","modified_gmt":"2018-08-10T10:18:49","slug":"el-life-pinassa-presenta-una-comunicacion-en-las-jornadas-del-life-red-bosques","status":"publish","type":"post","link":"https:\/\/lifepinassa.eu\/?p=1999","title":{"rendered":"El Life Pinassa presenta una comunicaci\u00f3n en las Jornadas del LIFE Red Bosques"},"content":{"rendered":"<p>El proyecto Life Pinassa participar\u00e1 en el debate dentro de las Jornadas del Life Red Bosques a trav\u00e9s de la presentaci\u00f3n de una comunicaci\u00f3n a cargo de Jordi Camprodon.<\/p>\n<p>La presentaci\u00f3n tendr\u00e1 lugar el jueves 23 de noviembre y se titular\u00e1:<\/p>\n<p>&nbsp;<\/p>\n<p>Gesti\u00f3n activa en rodales maduros: criterios para la intervenci\u00f3n.\u00a0<strong>Conservaci\u00f3n y seguimiento ecol\u00f3gico de rodales maduros de pino laricio (LIFE PINASSA).\u00a0<\/strong>(Jordi Camprodon, CTFC)<\/p>\n<p>&nbsp;<\/p>\n<p><a href=\"http:\/\/lifepinassa.eu\/wp-content\/uploads\/2017\/11\/life-red-bosques.png\"><img decoding=\"async\" loading=\"lazy\" class=\"aligncenter wp-image-1807 size-full\" src=\"http:\/\/lifepinassa.eu\/wp-content\/uploads\/2017\/11\/life-red-bosques.png\" alt=\"life red bosques\" width=\"1324\" height=\"333\" srcset=\"https:\/\/lifepinassa.eu\/wp-content\/uploads\/2017\/11\/life-red-bosques.png 1324w, https:\/\/lifepinassa.eu\/wp-content\/uploads\/2017\/11\/life-red-bosques-300x75.png 300w, https:\/\/lifepinassa.eu\/wp-content\/uploads\/2017\/11\/life-red-bosques-1024x257.png 1024w, https:\/\/lifepinassa.eu\/wp-content\/uploads\/2017\/11\/life-red-bosques-100x25.png 100w, https:\/\/lifepinassa.eu\/wp-content\/uploads\/2017\/11\/life-red-bosques-150x37.png 150w, https:\/\/lifepinassa.eu\/wp-content\/uploads\/2017\/11\/life-red-bosques-200x50.png 200w, https:\/\/lifepinassa.eu\/wp-content\/uploads\/2017\/11\/life-red-bosques-450x113.png 450w, https:\/\/lifepinassa.eu\/wp-content\/uploads\/2017\/11\/life-red-bosques-600x150.png 600w, https:\/\/lifepinassa.eu\/wp-content\/uploads\/2017\/11\/life-red-bosques-900x226.png 900w\" sizes=\"(max-width: 1324px) 100vw, 1324px\" \/><\/a><\/p>\n","protected":false},"excerpt":{"rendered":"<p>El proyecto Life Pinassa participar\u00e1 en el debate dentro de las Jornadas del Life Red Bosques a trav\u00e9s de la presentaci\u00f3n de una comunicaci\u00f3n a cargo de Jordi Camprodon. La presentaci\u00f3n tendr\u00e1 lugar el jueves 23 de noviembre y se<span class=\"ellipsis\">&hellip;<\/span><\/p>\n<div class=\"read-more\"><a href=\"https:\/\/lifepinassa.eu\/?p=1999\">Read more &#8250;<\/a><\/div>\n<p><!-- end of .read-more --><\/p>\n","protected":false},"author":1,"featured_media":1807,"comment_status":"open","ping_status":"open","sticky":false,"template":"","format":"standard","meta":{"om_disable_all_campaigns":false,"_mi_skip_tracking":false,"ngg_post_thumbnail":0},"categories":[1],"tags":[],"aioseo_notices":[],"_links":{"self":[{"href":"https:\/\/lifepinassa.eu\/index.php?rest_route=\/wp\/v2\/posts\/1999"}],"collection":[{"href":"https:\/\/lifepinassa.eu\/index.php?rest_route=\/wp\/v2\/posts"}],"about":[{"href":"https:\/\/lifepinassa.eu\/index.php?rest_route=\/wp\/v2\/types\/post"}],"author":[{"embeddable":true,"href":"https:\/\/lifepinassa.eu\/index.php?rest_route=\/wp\/v2\/users\/1"}],"replies":[{"embeddable":true,"href":"https:\/\/lifepinassa.eu\/index.php?rest_route=%2Fwp%2Fv2%2Fcomments&post=1999"}],"version-history":[{"count":3,"href":"https:\/\/lifepinassa.eu\/index.php?rest_route=\/wp\/v2\/posts\/1999\/revisions"}],"predecessor-version":[{"id":2002,"href":"https:\/\/lifepinassa.eu\/index.php?rest_route=\/wp\/v2\/posts\/1999\/revisions\/2002"}],"wp:featuredmedia":[{"embeddable":true,"href":"https:\/\/lifepinassa.eu\/index.php?rest_route=\/wp\/v2\/media\/1807"}],"wp:attachment":[{"href":"https:\/\/lifepinassa.eu\/index.php?rest_route=%2Fwp%2Fv2%2Fmedia&parent=1999"}],"wp:term":[{"taxonomy":"category","embeddable":true,"href":"https:\/\/lifepinassa.eu\/index.php?rest_route=%2Fwp%2Fv2%2Fcategories&post=1999"},{"taxonomy":"post_tag","embeddable":true,"href":"https:\/\/lifepinassa.eu\/index.php?rest_route=%2Fwp%2Fv2%2Ftags&post=1999"}],"curies":[{"name":"wp","href":"https:\/\/api.w.org\/{rel}","templated":true}]}}