{"id":1788,"date":"2017-07-31T14:49:28","date_gmt":"2017-07-31T14:49:28","guid":{"rendered":"http:\/\/lifepinassa.eu\/?p=1788"},"modified":"2017-11-30T14:50:03","modified_gmt":"2017-11-30T14:50:03","slug":"networking-boscos-de-pinassa-a-corsega","status":"publish","type":"post","link":"https:\/\/lifepinassa.eu\/?p=1788","title":{"rendered":"Networking: Boscos de pinassa a C\u00f2rsega"},"content":{"rendered":"<p>Del 25 al 30 de juliol, una delegaci\u00f3 del Life Pinassa de Catalunya va viatjar fins a C\u00f2rsega per tal d\u2019intercanviar la seva experi\u00e8ncia en gesti\u00f3 sostenible i conservaci\u00f3 dels boscos de pinassa catalans (<em>Pinus nigra<\/em> subps. <em>salzmannii <\/em>var.<em> pyrenaica<\/em>) amb membres del Life \u201c<em>Pour une gestion conservatoire des habitats \u00e0 pin laricio<\/em>\u201d LIFE00NAT\/F\/7273, desenvolupat a C\u00f2rsega en els boscos de <em>Pinus nigra <\/em>subsp.<em> laricio <\/em>var.<em> corsicana<\/em>. La delegaci\u00f3 catalana estava formada per membres del CPF, CTFC i bombers del GRAF del Departament d\u2019Interior de la Generalitat de Catalunya.<\/p>\n<p>La visita va ser condu\u00efda per Sandra Guy de l\u2019Ofice National des For\u00eats (ONF) i coordinadora del Life. Es van tractar aspectes sobre la gesti\u00f3 sostenible dels boscos corsos i en especial sobre la comptabilitzaci\u00f3 de la gesti\u00f3 productiva amb la conservaci\u00f3 de l\u2019esp\u00e8cie end\u00e8mica pica-soques cors (<em>Sitta whiteheadi<\/em>) i els rat-penats forestals, dependents de pins de grans dimensions i de fusta morta dempeus.<\/p>\n<p>Un altre tema important discutit van ser els reptes en la prevenci\u00f3 i extinci\u00f3 d\u2019incendis forestals en el context de l\u2019Illa i en comparaci\u00f3 amb la situaci\u00f3 dels boscos catalans i del conjunt de la regi\u00f3 Mediterr\u00e0nia.<\/p>\n<div id=\"attachment_1791\" style=\"width: 615px\" class=\"wp-caption aligncenter\"><a href=\"http:\/\/lifepinassa.eu\/wp-content\/uploads\/2017\/11\/IMG_2041.jpg\"><img aria-describedby=\"caption-attachment-1791\" decoding=\"async\" loading=\"lazy\" class=\"wp-image-1791 size-large\" src=\"http:\/\/lifepinassa.eu\/wp-content\/uploads\/2017\/11\/IMG_2041-e1512053286450-768x1024.jpg\" alt=\"IMG_2041\" width=\"605\" height=\"806\" srcset=\"https:\/\/lifepinassa.eu\/wp-content\/uploads\/2017\/11\/IMG_2041-e1512053286450-768x1024.jpg 768w, https:\/\/lifepinassa.eu\/wp-content\/uploads\/2017\/11\/IMG_2041-e1512053286450-225x300.jpg 225w, https:\/\/lifepinassa.eu\/wp-content\/uploads\/2017\/11\/IMG_2041-e1512053286450-100x133.jpg 100w, https:\/\/lifepinassa.eu\/wp-content\/uploads\/2017\/11\/IMG_2041-e1512053286450-150x200.jpg 150w, https:\/\/lifepinassa.eu\/wp-content\/uploads\/2017\/11\/IMG_2041-e1512053286450-200x266.jpg 200w, https:\/\/lifepinassa.eu\/wp-content\/uploads\/2017\/11\/IMG_2041-e1512053286450-300x400.jpg 300w, https:\/\/lifepinassa.eu\/wp-content\/uploads\/2017\/11\/IMG_2041-e1512053286450-450x600.jpg 450w, https:\/\/lifepinassa.eu\/wp-content\/uploads\/2017\/11\/IMG_2041-e1512053286450-600x800.jpg 600w, https:\/\/lifepinassa.eu\/wp-content\/uploads\/2017\/11\/IMG_2041-e1512053286450-900x1200.jpg 900w\" sizes=\"(max-width: 605px) 100vw, 605px\" \/><\/a><p id=\"caption-attachment-1791\" class=\"wp-caption-text\">Durant les visites a camp<\/p><\/div>\n<div id=\"attachment_1792\" style=\"width: 615px\" class=\"wp-caption aligncenter\"><a href=\"http:\/\/lifepinassa.eu\/wp-content\/uploads\/2017\/11\/20170426_170540.jpg\"><img aria-describedby=\"caption-attachment-1792\" decoding=\"async\" loading=\"lazy\" class=\"wp-image-1792 size-large\" src=\"http:\/\/lifepinassa.eu\/wp-content\/uploads\/2017\/11\/20170426_170540-1024x469.jpg\" alt=\"20170426_170540\" width=\"605\" height=\"277\" srcset=\"https:\/\/lifepinassa.eu\/wp-content\/uploads\/2017\/11\/20170426_170540-1024x469.jpg 1024w, https:\/\/lifepinassa.eu\/wp-content\/uploads\/2017\/11\/20170426_170540-300x137.jpg 300w, https:\/\/lifepinassa.eu\/wp-content\/uploads\/2017\/11\/20170426_170540-100x45.jpg 100w, https:\/\/lifepinassa.eu\/wp-content\/uploads\/2017\/11\/20170426_170540-150x68.jpg 150w, https:\/\/lifepinassa.eu\/wp-content\/uploads\/2017\/11\/20170426_170540-200x91.jpg 200w, https:\/\/lifepinassa.eu\/wp-content\/uploads\/2017\/11\/20170426_170540-450x206.jpg 450w, https:\/\/lifepinassa.eu\/wp-content\/uploads\/2017\/11\/20170426_170540-600x275.jpg 600w, https:\/\/lifepinassa.eu\/wp-content\/uploads\/2017\/11\/20170426_170540-900x412.jpg 900w\" sizes=\"(max-width: 605px) 100vw, 605px\" \/><\/a><p id=\"caption-attachment-1792\" class=\"wp-caption-text\">Durant les visites a camp<\/p><\/div>\n<div id=\"attachment_1793\" style=\"width: 615px\" class=\"wp-caption aligncenter\"><a href=\"http:\/\/lifepinassa.eu\/wp-content\/uploads\/2017\/11\/20170426_103941.jpg\"><img aria-describedby=\"caption-attachment-1793\" decoding=\"async\" loading=\"lazy\" class=\"wp-image-1793 size-large\" src=\"http:\/\/lifepinassa.eu\/wp-content\/uploads\/2017\/11\/20170426_103941-1024x420.jpg\" alt=\"20170426_103941\" width=\"605\" height=\"248\" srcset=\"https:\/\/lifepinassa.eu\/wp-content\/uploads\/2017\/11\/20170426_103941-1024x420.jpg 1024w, https:\/\/lifepinassa.eu\/wp-content\/uploads\/2017\/11\/20170426_103941-300x123.jpg 300w, https:\/\/lifepinassa.eu\/wp-content\/uploads\/2017\/11\/20170426_103941-100x41.jpg 100w, https:\/\/lifepinassa.eu\/wp-content\/uploads\/2017\/11\/20170426_103941-150x61.jpg 150w, https:\/\/lifepinassa.eu\/wp-content\/uploads\/2017\/11\/20170426_103941-200x82.jpg 200w, https:\/\/lifepinassa.eu\/wp-content\/uploads\/2017\/11\/20170426_103941-450x184.jpg 450w, https:\/\/lifepinassa.eu\/wp-content\/uploads\/2017\/11\/20170426_103941-600x246.jpg 600w, https:\/\/lifepinassa.eu\/wp-content\/uploads\/2017\/11\/20170426_103941-900x369.jpg 900w\" sizes=\"(max-width: 605px) 100vw, 605px\" \/><\/a><p id=\"caption-attachment-1793\" class=\"wp-caption-text\">Durant les visites a camp<\/p><\/div>\n","protected":false},"excerpt":{"rendered":"<p>Del 25 al 30 de juliol, una delegaci\u00f3 del Life Pinassa de Catalunya va viatjar fins a C\u00f2rsega per tal d\u2019intercanviar la seva experi\u00e8ncia en gesti\u00f3 sostenible i conservaci\u00f3 dels boscos de pinassa catalans (Pinus nigra subps. salzmannii var. pyrenaica)<span class=\"ellipsis\">&hellip;<\/span><\/p>\n<div class=\"read-more\"><a href=\"https:\/\/lifepinassa.eu\/?p=1788\">Read more &#8250;<\/a><\/div>\n<p><!-- end of .read-more --><\/p>\n","protected":false},"author":1,"featured_media":1792,"comment_status":"open","ping_status":"open","sticky":false,"template":"","format":"standard","meta":{"om_disable_all_campaigns":false,"_mi_skip_tracking":false,"ngg_post_thumbnail":0},"categories":[61],"tags":[],"aioseo_notices":[],"_links":{"self":[{"href":"https:\/\/lifepinassa.eu\/index.php?rest_route=\/wp\/v2\/posts\/1788"}],"collection":[{"href":"https:\/\/lifepinassa.eu\/index.php?rest_route=\/wp\/v2\/posts"}],"about":[{"href":"https:\/\/lifepinassa.eu\/index.php?rest_route=\/wp\/v2\/types\/post"}],"author":[{"embeddable":true,"href":"https:\/\/lifepinassa.eu\/index.php?rest_route=\/wp\/v2\/users\/1"}],"replies":[{"embeddable":true,"href":"https:\/\/lifepinassa.eu\/index.php?rest_route=%2Fwp%2Fv2%2Fcomments&post=1788"}],"version-history":[{"count":1,"href":"https:\/\/lifepinassa.eu\/index.php?rest_route=\/wp\/v2\/posts\/1788\/revisions"}],"predecessor-version":[{"id":1794,"href":"https:\/\/lifepinassa.eu\/index.php?rest_route=\/wp\/v2\/posts\/1788\/revisions\/1794"}],"wp:featuredmedia":[{"embeddable":true,"href":"https:\/\/lifepinassa.eu\/index.php?rest_route=\/wp\/v2\/media\/1792"}],"wp:attachment":[{"href":"https:\/\/lifepinassa.eu\/index.php?rest_route=%2Fwp%2Fv2%2Fmedia&parent=1788"}],"wp:term":[{"taxonomy":"category","embeddable":true,"href":"https:\/\/lifepinassa.eu\/index.php?rest_route=%2Fwp%2Fv2%2Fcategories&post=1788"},{"taxonomy":"post_tag","embeddable":true,"href":"https:\/\/lifepinassa.eu\/index.php?rest_route=%2Fwp%2Fv2%2Ftags&post=1788"}],"curies":[{"name":"wp","href":"https:\/\/api.w.org\/{rel}","templated":true}]}}