{"id":1769,"date":"2017-11-03T16:15:04","date_gmt":"2017-11-03T16:15:04","guid":{"rendered":"http:\/\/lifepinassa.eu\/?p=1769"},"modified":"2017-11-03T16:20:57","modified_gmt":"2017-11-03T16:20:57","slug":"networking-el-proyecto-life-kedros-visita-el-life-pinassa","status":"publish","type":"post","link":"https:\/\/lifepinassa.eu\/?p=1769","title":{"rendered":"Networking: El proyecto LIFE Kedros visita el LIFE Pinassa"},"content":{"rendered":"<p><em>Del 16 al 19 de octubre, representantes del proyecto LIFE Kedros viajaron hasta Catalu\u00f1a para visitar las diferentes zonas de actuaci\u00f3n del LIFE Pinassa e intercambiar puntos de vista sobre la gesti\u00f3n forestal sostenible para la conservaci\u00f3n de h\u00e1bitats prioritarios. El proyecto L<a href=\"http:\/\/www.life-kedros.eu\/\">IFE Kedros &#8211; Integrated conservation management of priority habitado type 9590* in the Natura 2000 site Koilada Kedron-Kampos <\/a>comparte tem\u00e1tica con el LIFE Pinassa, por lo que la visita ha servido para hacer trabajo en red e intercambiar sinergias fortaleciendo v\u00ednculos y conocimientos.<\/em><\/p>\n<div id=\"attachment_1761\" style=\"width: 615px\" class=\"wp-caption aligncenter\"><a href=\"http:\/\/lifepinassa.eu\/wp-content\/uploads\/2017\/10\/IMG_5951.jpg\"><img aria-describedby=\"caption-attachment-1761\" decoding=\"async\" loading=\"lazy\" class=\"wp-image-1761 size-large\" src=\"http:\/\/lifepinassa.eu\/wp-content\/uploads\/2017\/10\/IMG_5951-1024x682.jpg\" alt=\"IMG_5951\" width=\"605\" height=\"402\" srcset=\"https:\/\/lifepinassa.eu\/wp-content\/uploads\/2017\/10\/IMG_5951-1024x682.jpg 1024w, https:\/\/lifepinassa.eu\/wp-content\/uploads\/2017\/10\/IMG_5951-300x200.jpg 300w, https:\/\/lifepinassa.eu\/wp-content\/uploads\/2017\/10\/IMG_5951-100x66.jpg 100w, https:\/\/lifepinassa.eu\/wp-content\/uploads\/2017\/10\/IMG_5951-150x100.jpg 150w, https:\/\/lifepinassa.eu\/wp-content\/uploads\/2017\/10\/IMG_5951-200x133.jpg 200w, https:\/\/lifepinassa.eu\/wp-content\/uploads\/2017\/10\/IMG_5951-450x300.jpg 450w, https:\/\/lifepinassa.eu\/wp-content\/uploads\/2017\/10\/IMG_5951-600x400.jpg 600w, https:\/\/lifepinassa.eu\/wp-content\/uploads\/2017\/10\/IMG_5951-900x600.jpg 900w, https:\/\/lifepinassa.eu\/wp-content\/uploads\/2017\/10\/IMG_5951.jpg 1296w\" sizes=\"(max-width: 605px) 100vw, 605px\" \/><\/a><p id=\"caption-attachment-1761\" class=\"wp-caption-text\">El grupo durante la visita a Montsagre d\u2019Horta (tm. d\u2019Horta de Sant Joan). Fuente: Parque Natural dels Ports<\/p><\/div>\n<p>Durante el primer d\u00eda visitaron el Parcque Natural dels Ports para discutir sobre la protecci\u00f3n de bosques maduros y sobre la mejora de la biodiversidad en bosques degradados con una estructura irregular. Jordi Camprodon, t\u00e9cnico del CTFC, condujo la visita.<\/p>\n<p>En el segundo d\u00eda, el grupo visit\u00f3 el Parque Natural de Montserrat, donde centraron la discusi\u00f3n en la recuperaci\u00f3n de los bosques de pino afectados por grandes incendios. En este caso, la visita fue dirigida por Josep Maria Fabra de la Fundaci\u00f3n Catalu\u00f1a- La Pedrera.<\/p>\n<p>En el \u00faltimo d\u00eda de visita, las visitas se centralizaron en la comarca del Solson\u00e8s, donde el CTFC tiene su sede. Con David y Noem\u00ed Palero del CPF, el grupo tuvo la oportunidad de debatir sobre c\u00f3mo mejorar el h\u00e1bitat de pino en bosques j\u00f3venes y densos con alto riesgo de incendio, as\u00ed como en bosques sin regeneraci\u00f3n y una estructura muy simplificada.<\/p>\n<p>Adem\u00e1s, de la mano de Miriam Piqu\u00e9 del CTFC y Asier Larra\u00f1aga del Servicio de Bomberos del Gobierno de la Generalitat, tambi\u00e9n se habl\u00f3 sobre la prevenci\u00f3n de grandes incendios forestales en los bosques de pino y el uso del fuego prescrito como herramienta de gesti\u00f3n , as\u00ed como de la conservaci\u00f3n de los bosques de pino adaptados al r\u00e9gimen de fuego natural.<\/p>\n<div id=\"attachment_1766\" style=\"width: 876px\" class=\"wp-caption aligncenter\"><a href=\"http:\/\/lifepinassa.eu\/wp-content\/uploads\/2017\/10\/Crema-prescrita-en-zones-estrat\u00e8giques-de-gesti\u00f3-per-a-la-prevenci\u00f3-grans-incendis-forestals-Solson\u00e8s-Font-Bombers.jpg\"><img aria-describedby=\"caption-attachment-1766\" decoding=\"async\" loading=\"lazy\" class=\"wp-image-1766 size-full\" src=\"http:\/\/lifepinassa.eu\/wp-content\/uploads\/2017\/10\/Crema-prescrita-en-zones-estrat\u00e8giques-de-gesti\u00f3-per-a-la-prevenci\u00f3-grans-incendis-forestals-Solson\u00e8s-Font-Bombers.jpg\" alt=\"\" width=\"866\" height=\"520\" srcset=\"https:\/\/lifepinassa.eu\/wp-content\/uploads\/2017\/10\/Crema-prescrita-en-zones-estrat\u00e8giques-de-gesti\u00f3-per-a-la-prevenci\u00f3-grans-incendis-forestals-Solson\u00e8s-Font-Bombers.jpg 866w, https:\/\/lifepinassa.eu\/wp-content\/uploads\/2017\/10\/Crema-prescrita-en-zones-estrat\u00e8giques-de-gesti\u00f3-per-a-la-prevenci\u00f3-grans-incendis-forestals-Solson\u00e8s-Font-Bombers-300x180.jpg 300w, https:\/\/lifepinassa.eu\/wp-content\/uploads\/2017\/10\/Crema-prescrita-en-zones-estrat\u00e8giques-de-gesti\u00f3-per-a-la-prevenci\u00f3-grans-incendis-forestals-Solson\u00e8s-Font-Bombers-100x60.jpg 100w, https:\/\/lifepinassa.eu\/wp-content\/uploads\/2017\/10\/Crema-prescrita-en-zones-estrat\u00e8giques-de-gesti\u00f3-per-a-la-prevenci\u00f3-grans-incendis-forestals-Solson\u00e8s-Font-Bombers-150x90.jpg 150w, https:\/\/lifepinassa.eu\/wp-content\/uploads\/2017\/10\/Crema-prescrita-en-zones-estrat\u00e8giques-de-gesti\u00f3-per-a-la-prevenci\u00f3-grans-incendis-forestals-Solson\u00e8s-Font-Bombers-200x120.jpg 200w, https:\/\/lifepinassa.eu\/wp-content\/uploads\/2017\/10\/Crema-prescrita-en-zones-estrat\u00e8giques-de-gesti\u00f3-per-a-la-prevenci\u00f3-grans-incendis-forestals-Solson\u00e8s-Font-Bombers-450x270.jpg 450w, https:\/\/lifepinassa.eu\/wp-content\/uploads\/2017\/10\/Crema-prescrita-en-zones-estrat\u00e8giques-de-gesti\u00f3-per-a-la-prevenci\u00f3-grans-incendis-forestals-Solson\u00e8s-Font-Bombers-600x360.jpg 600w\" sizes=\"(max-width: 866px) 100vw, 866px\" \/><\/a><p id=\"caption-attachment-1766\" class=\"wp-caption-text\">Crema prescrita en zonas estrat\u00e9gicas de gesti\u00f3n para la prevenci\u00f3n de grandes incendios forestales (Solson\u00e8s) Fuente: Bombers<\/p><\/div>\n","protected":false},"excerpt":{"rendered":"<p>Del 16 al 19 de octubre, representantes del proyecto LIFE Kedros viajaron hasta Catalu\u00f1a para visitar las diferentes zonas de actuaci\u00f3n del LIFE Pinassa e intercambiar puntos de vista sobre la gesti\u00f3n forestal sostenible para la conservaci\u00f3n de h\u00e1bitats prioritarios.<span class=\"ellipsis\">&hellip;<\/span><\/p>\n<div class=\"read-more\"><a href=\"https:\/\/lifepinassa.eu\/?p=1769\">Read more &#8250;<\/a><\/div>\n<p><!-- end of .read-more --><\/p>\n","protected":false},"author":1,"featured_media":1761,"comment_status":"open","ping_status":"open","sticky":false,"template":"","format":"standard","meta":{"om_disable_all_campaigns":false,"_mi_skip_tracking":false,"ngg_post_thumbnail":0},"categories":[3],"tags":[],"aioseo_notices":[],"_links":{"self":[{"href":"https:\/\/lifepinassa.eu\/index.php?rest_route=\/wp\/v2\/posts\/1769"}],"collection":[{"href":"https:\/\/lifepinassa.eu\/index.php?rest_route=\/wp\/v2\/posts"}],"about":[{"href":"https:\/\/lifepinassa.eu\/index.php?rest_route=\/wp\/v2\/types\/post"}],"author":[{"embeddable":true,"href":"https:\/\/lifepinassa.eu\/index.php?rest_route=\/wp\/v2\/users\/1"}],"replies":[{"embeddable":true,"href":"https:\/\/lifepinassa.eu\/index.php?rest_route=%2Fwp%2Fv2%2Fcomments&post=1769"}],"version-history":[{"count":2,"href":"https:\/\/lifepinassa.eu\/index.php?rest_route=\/wp\/v2\/posts\/1769\/revisions"}],"predecessor-version":[{"id":1772,"href":"https:\/\/lifepinassa.eu\/index.php?rest_route=\/wp\/v2\/posts\/1769\/revisions\/1772"}],"wp:featuredmedia":[{"embeddable":true,"href":"https:\/\/lifepinassa.eu\/index.php?rest_route=\/wp\/v2\/media\/1761"}],"wp:attachment":[{"href":"https:\/\/lifepinassa.eu\/index.php?rest_route=%2Fwp%2Fv2%2Fmedia&parent=1769"}],"wp:term":[{"taxonomy":"category","embeddable":true,"href":"https:\/\/lifepinassa.eu\/index.php?rest_route=%2Fwp%2Fv2%2Fcategories&post=1769"},{"taxonomy":"post_tag","embeddable":true,"href":"https:\/\/lifepinassa.eu\/index.php?rest_route=%2Fwp%2Fv2%2Ftags&post=1769"}],"curies":[{"name":"wp","href":"https:\/\/api.w.org\/{rel}","templated":true}]}}