{"id":1760,"date":"2017-10-27T12:45:41","date_gmt":"2017-10-27T12:45:41","guid":{"rendered":"http:\/\/lifepinassa.eu\/?p=1760"},"modified":"2017-11-03T16:10:22","modified_gmt":"2017-11-03T16:10:22","slug":"1760","status":"publish","type":"post","link":"https:\/\/lifepinassa.eu\/?p=1760","title":{"rendered":"Networking: El projecte LIFE Kedros visita el LIFE Pinassa"},"content":{"rendered":"<p><em>Del 16 al 19 d\u2019octubre, representats del projecte LIFE Kedros van viatjar fins a Catalunya per tal visitar les diferents zones d\u2019actuaci\u00f3 del LIFE Pinassa i intercanviar punts de vista sobre la gesti\u00f3 forestal sostenible per la conservaci\u00f3 d\u2019habitats prioritaris. El projecte\u00a0<\/em><a href=\"http:\/\/www.life-kedros.eu\/\"><strong><em>LIFE Kedros \u2013 Integrated conservation management of priority habitat type 9590* in the Natura 2000 site Koilada Kedron-Kampos<\/em><\/strong><\/a><em>\u00a0comparteix tem\u00e0tica amb el LIFE Pinassa, pel que la visita ha servit per fer treball en xarxa i intercambiar sin\u00e8rgies enfortint lligams i coneixements.<\/em><\/p>\n<div id=\"attachment_1761\" style=\"width: 615px\" class=\"wp-caption aligncenter\"><a href=\"http:\/\/lifepinassa.eu\/wp-content\/uploads\/2017\/10\/IMG_5951.jpg\"><img aria-describedby=\"caption-attachment-1761\" decoding=\"async\" loading=\"lazy\" class=\"wp-image-1761 size-large\" src=\"http:\/\/lifepinassa.eu\/wp-content\/uploads\/2017\/10\/IMG_5951-1024x682.jpg\" alt=\"IMG_5951\" width=\"605\" height=\"402\" srcset=\"https:\/\/lifepinassa.eu\/wp-content\/uploads\/2017\/10\/IMG_5951-1024x682.jpg 1024w, https:\/\/lifepinassa.eu\/wp-content\/uploads\/2017\/10\/IMG_5951-300x200.jpg 300w, https:\/\/lifepinassa.eu\/wp-content\/uploads\/2017\/10\/IMG_5951-100x66.jpg 100w, https:\/\/lifepinassa.eu\/wp-content\/uploads\/2017\/10\/IMG_5951-150x100.jpg 150w, https:\/\/lifepinassa.eu\/wp-content\/uploads\/2017\/10\/IMG_5951-200x133.jpg 200w, https:\/\/lifepinassa.eu\/wp-content\/uploads\/2017\/10\/IMG_5951-450x300.jpg 450w, https:\/\/lifepinassa.eu\/wp-content\/uploads\/2017\/10\/IMG_5951-600x400.jpg 600w, https:\/\/lifepinassa.eu\/wp-content\/uploads\/2017\/10\/IMG_5951-900x600.jpg 900w, https:\/\/lifepinassa.eu\/wp-content\/uploads\/2017\/10\/IMG_5951.jpg 1296w\" sizes=\"(max-width: 605px) 100vw, 605px\" \/><\/a><p id=\"caption-attachment-1761\" class=\"wp-caption-text\">El grup durant la visita a Montsagre d\u2019Horta (tm. d\u2019Horta de Sant Joan). Font: Parc Natural dels Ports<\/p><\/div>\n<p>Durant el primer dia van visitar el Parc Natural dels Ports per tal de discutir sobre la protecci\u00f3 de boscos madurs i sobre la millora de la biodiversitat en boscos degradats amb una estructura irregular. Jordi Camprodon, t\u00e8cnic del CTFC, va conduir la visita.<\/p>\n<p>En el segon dia, el grup va visitar el Parc Natural de Montserrat, on van centrar la discussi\u00f3 en la recuperaci\u00f3 dels boscos de pinassa afectats per grans incendis. En aquest cas, la visita va ser dirigida per Josep Maria Fabra de la Fundaci\u00f3 Catalunya- La Pedrera.<\/p>\n<p>En l\u2019\u00faltim dia de visita, les visites es van centralitzar en la comarca del Solson\u00e8s, on el CTFC t\u00e9 la seva seu. Amb David i Noem\u00ed Palero del CPF, el grup va tenir l\u2019oportunitat de debatre sobre com millorar l\u2019h\u00e0bitat de pinassa en boscos joves i densos amb alt risc d\u2019incendi, aix\u00ed com en boscos sense regeneraci\u00f3 i una estructura molt simplificada.<\/p>\n<p>A m\u00e9s, de la m\u00e0 de Miriam Piqu\u00e9 del CTFC i Asier Larra\u00f1aga del Servei de Bombers del Govern de la Generalitat, tamb\u00e9 es va parlar sobre la prevenci\u00f3 de grans incendis forestals en els boscos de pinassa i \u00fas del foc prescrit com a eina de gesti\u00f3, aix\u00ed com de la conservaci\u00f3 dels boscos de pinassa adaptats al r\u00e8gim de foc natural.<\/p>\n<div id=\"attachment_1766\" style=\"width: 876px\" class=\"wp-caption aligncenter\"><a href=\"http:\/\/lifepinassa.eu\/wp-content\/uploads\/2017\/10\/Crema-prescrita-en-zones-estrat\u00e8giques-de-gesti\u00f3-per-a-la-prevenci\u00f3-grans-incendis-forestals-Solson\u00e8s-Font-Bombers.jpg\"><img aria-describedby=\"caption-attachment-1766\" decoding=\"async\" loading=\"lazy\" class=\"wp-image-1766 size-full\" src=\"http:\/\/lifepinassa.eu\/wp-content\/uploads\/2017\/10\/Crema-prescrita-en-zones-estrat\u00e8giques-de-gesti\u00f3-per-a-la-prevenci\u00f3-grans-incendis-forestals-Solson\u00e8s-Font-Bombers.jpg\" alt=\"\" width=\"866\" height=\"520\" srcset=\"https:\/\/lifepinassa.eu\/wp-content\/uploads\/2017\/10\/Crema-prescrita-en-zones-estrat\u00e8giques-de-gesti\u00f3-per-a-la-prevenci\u00f3-grans-incendis-forestals-Solson\u00e8s-Font-Bombers.jpg 866w, https:\/\/lifepinassa.eu\/wp-content\/uploads\/2017\/10\/Crema-prescrita-en-zones-estrat\u00e8giques-de-gesti\u00f3-per-a-la-prevenci\u00f3-grans-incendis-forestals-Solson\u00e8s-Font-Bombers-300x180.jpg 300w, https:\/\/lifepinassa.eu\/wp-content\/uploads\/2017\/10\/Crema-prescrita-en-zones-estrat\u00e8giques-de-gesti\u00f3-per-a-la-prevenci\u00f3-grans-incendis-forestals-Solson\u00e8s-Font-Bombers-100x60.jpg 100w, https:\/\/lifepinassa.eu\/wp-content\/uploads\/2017\/10\/Crema-prescrita-en-zones-estrat\u00e8giques-de-gesti\u00f3-per-a-la-prevenci\u00f3-grans-incendis-forestals-Solson\u00e8s-Font-Bombers-150x90.jpg 150w, https:\/\/lifepinassa.eu\/wp-content\/uploads\/2017\/10\/Crema-prescrita-en-zones-estrat\u00e8giques-de-gesti\u00f3-per-a-la-prevenci\u00f3-grans-incendis-forestals-Solson\u00e8s-Font-Bombers-200x120.jpg 200w, https:\/\/lifepinassa.eu\/wp-content\/uploads\/2017\/10\/Crema-prescrita-en-zones-estrat\u00e8giques-de-gesti\u00f3-per-a-la-prevenci\u00f3-grans-incendis-forestals-Solson\u00e8s-Font-Bombers-450x270.jpg 450w, https:\/\/lifepinassa.eu\/wp-content\/uploads\/2017\/10\/Crema-prescrita-en-zones-estrat\u00e8giques-de-gesti\u00f3-per-a-la-prevenci\u00f3-grans-incendis-forestals-Solson\u00e8s-Font-Bombers-600x360.jpg 600w\" sizes=\"(max-width: 866px) 100vw, 866px\" \/><\/a><p id=\"caption-attachment-1766\" class=\"wp-caption-text\">Crema prescrita en zones estrat\u00e8giques de gesti\u00f3 per a la prevenci\u00f3 grans incendis forestals (Solson\u00e8s) Font: Bombers<\/p><\/div>\n","protected":false},"excerpt":{"rendered":"<p>Del 16 al 19 d\u2019octubre, representats del projecte LIFE Kedros van viatjar fins a Catalunya per tal visitar les diferents zones d\u2019actuaci\u00f3 del LIFE Pinassa i intercanviar punts de vista sobre la gesti\u00f3 forestal sostenible per la conservaci\u00f3 d\u2019habitats prioritaris.<span class=\"ellipsis\">&hellip;<\/span><\/p>\n<div class=\"read-more\"><a href=\"https:\/\/lifepinassa.eu\/?p=1760\">Read more &#8250;<\/a><\/div>\n<p><!-- end of .read-more --><\/p>\n","protected":false},"author":1,"featured_media":1761,"comment_status":"open","ping_status":"open","sticky":false,"template":"","format":"standard","meta":{"om_disable_all_campaigns":false,"_mi_skip_tracking":false,"ngg_post_thumbnail":0},"categories":[61,53],"tags":[],"aioseo_notices":[],"_links":{"self":[{"href":"https:\/\/lifepinassa.eu\/index.php?rest_route=\/wp\/v2\/posts\/1760"}],"collection":[{"href":"https:\/\/lifepinassa.eu\/index.php?rest_route=\/wp\/v2\/posts"}],"about":[{"href":"https:\/\/lifepinassa.eu\/index.php?rest_route=\/wp\/v2\/types\/post"}],"author":[{"embeddable":true,"href":"https:\/\/lifepinassa.eu\/index.php?rest_route=\/wp\/v2\/users\/1"}],"replies":[{"embeddable":true,"href":"https:\/\/lifepinassa.eu\/index.php?rest_route=%2Fwp%2Fv2%2Fcomments&post=1760"}],"version-history":[{"count":5,"href":"https:\/\/lifepinassa.eu\/index.php?rest_route=\/wp\/v2\/posts\/1760\/revisions"}],"predecessor-version":[{"id":1768,"href":"https:\/\/lifepinassa.eu\/index.php?rest_route=\/wp\/v2\/posts\/1760\/revisions\/1768"}],"wp:featuredmedia":[{"embeddable":true,"href":"https:\/\/lifepinassa.eu\/index.php?rest_route=\/wp\/v2\/media\/1761"}],"wp:attachment":[{"href":"https:\/\/lifepinassa.eu\/index.php?rest_route=%2Fwp%2Fv2%2Fmedia&parent=1760"}],"wp:term":[{"taxonomy":"category","embeddable":true,"href":"https:\/\/lifepinassa.eu\/index.php?rest_route=%2Fwp%2Fv2%2Fcategories&post=1760"},{"taxonomy":"post_tag","embeddable":true,"href":"https:\/\/lifepinassa.eu\/index.php?rest_route=%2Fwp%2Fv2%2Ftags&post=1760"}],"curies":[{"name":"wp","href":"https:\/\/api.w.org\/{rel}","templated":true}]}}