{"id":1721,"date":"2017-05-31T12:17:06","date_gmt":"2017-05-31T12:17:06","guid":{"rendered":"http:\/\/lifepinassa.eu\/?p=1721"},"modified":"2017-07-13T14:42:11","modified_gmt":"2017-07-13T14:42:11","slug":"acabada-laccio-c5-a-la-finca-de-can-macana-de-la-fundacio-catalunya-la-pedrera","status":"publish","type":"post","link":"https:\/\/lifepinassa.eu\/?p=1721","title":{"rendered":"Acabada l\u2019acci\u00f3 C5 a la finca de Can Ma\u00e7ana de la Fundaci\u00f3 Catalunya la Pedrera"},"content":{"rendered":"<p>Durant el maig s\u2019ha acabat l\u00b4\u00faltima fase de les feines previstes dins l\u2019acci\u00f3 C5 a Can Ma\u00e7ana. S\u2019ha realitzat la sembra de llavor fent servir 3 metodologies diferents: sembra amb tractor, sembra amb pala fanguera, sembra tirant les llavors a l\u2019atzar i sembra amb la metodologia del nengo-dango. Tots els punts de sembra han estat cartografiats i georeferenciats (s\u2019han establert m\u00e9s de 200 punts de control), per tal de poder fer seguiment dels diferents m\u00e8todes, i veure quins han estat m\u00e9s exitosos. En total, s\u2019ha plantat en una superf\u00edcie de 8.32ha, i s\u2019ha fet servir 4 kg de llavor seleccionada per Forestal Catalana de zones de Catalunya on la variant gen\u00e8tica \u00e9s molt semblant a l\u2019existent a Can ma\u00e7ana. Les feines de sembra i plantaci\u00f3 les ha fet l\u2019empresa Social Forest SL<\/p>\n<p>Aquesta feina es complementa amb les estassades entorn als peus de pinassa fetes la primavera i tardor passades per ajudar a que la llavor que caigu\u00e9s de l\u2019arbre durant la primavera tingu\u00e9s m\u00e9s opcions de germinar, i la plantaci\u00f3 de 3000 plan\u00e7ons en la mateixa zona. Despr\u00e9s d\u2019una tardor, hivern i primera part de la primavera molt favorables en quant a precipitacions, s\u2019ha pogut constatar que la gran majoria de plantes han tingut una bona resposta i es veien amb brots nous, i que aquest any a la zona hi ha hagut una gran producci\u00f3 de pinyes per part dels arbres de pinassa.<\/p>\n<p>L\u2019objectiu final d\u2019aquest acci\u00f3, \u00e9s repoblar de pinassa l\u2019\u00e0rea de can Ma\u00e7ana, molt castigada pels incendis de les \u00faltimes d\u00e8cades que pr\u00e0cticament l\u2019han fet desapar\u00e8ixer , i garantir una nova generaci\u00f3 que doni continu\u00eftat i possibilitat d\u2019expansi\u00f3 d\u2019aquesta esp\u00e8cie.<\/p>\n<div id=\"attachment_1722\" style=\"width: 515px\" class=\"wp-caption aligncenter\"><a href=\"http:\/\/lifepinassa.eu\/wp-content\/uploads\/2017\/07\/1_c5.jpg\"><img aria-describedby=\"caption-attachment-1722\" decoding=\"async\" loading=\"lazy\" class=\"wp-image-1722 size-full\" src=\"http:\/\/lifepinassa.eu\/wp-content\/uploads\/2017\/07\/1_c5.jpg\" alt=\"1_c5\" width=\"505\" height=\"379\" srcset=\"https:\/\/lifepinassa.eu\/wp-content\/uploads\/2017\/07\/1_c5.jpg 505w, https:\/\/lifepinassa.eu\/wp-content\/uploads\/2017\/07\/1_c5-300x225.jpg 300w, https:\/\/lifepinassa.eu\/wp-content\/uploads\/2017\/07\/1_c5-100x75.jpg 100w, https:\/\/lifepinassa.eu\/wp-content\/uploads\/2017\/07\/1_c5-150x112.jpg 150w, https:\/\/lifepinassa.eu\/wp-content\/uploads\/2017\/07\/1_c5-200x150.jpg 200w, https:\/\/lifepinassa.eu\/wp-content\/uploads\/2017\/07\/1_c5-450x337.jpg 450w\" sizes=\"(max-width: 505px) 100vw, 505px\" \/><\/a><p id=\"caption-attachment-1722\" class=\"wp-caption-text\">Foto: Nengo-Dango. Masses d\u2019argila de la zona, barrejada amb adob natural i llavors de pinassa<\/p><\/div>\n<div id=\"attachment_1723\" style=\"width: 629px\" class=\"wp-caption aligncenter\"><a href=\"http:\/\/lifepinassa.eu\/wp-content\/uploads\/2017\/07\/2_c5.png\"><img aria-describedby=\"caption-attachment-1723\" decoding=\"async\" loading=\"lazy\" class=\"wp-image-1723 size-full\" src=\"http:\/\/lifepinassa.eu\/wp-content\/uploads\/2017\/07\/2_c5.png\" alt=\"2_c5\" width=\"619\" height=\"781\" srcset=\"https:\/\/lifepinassa.eu\/wp-content\/uploads\/2017\/07\/2_c5.png 619w, https:\/\/lifepinassa.eu\/wp-content\/uploads\/2017\/07\/2_c5-237x300.png 237w, https:\/\/lifepinassa.eu\/wp-content\/uploads\/2017\/07\/2_c5-100x126.png 100w, https:\/\/lifepinassa.eu\/wp-content\/uploads\/2017\/07\/2_c5-150x189.png 150w, https:\/\/lifepinassa.eu\/wp-content\/uploads\/2017\/07\/2_c5-200x252.png 200w, https:\/\/lifepinassa.eu\/wp-content\/uploads\/2017\/07\/2_c5-300x378.png 300w, https:\/\/lifepinassa.eu\/wp-content\/uploads\/2017\/07\/2_c5-450x567.png 450w, https:\/\/lifepinassa.eu\/wp-content\/uploads\/2017\/07\/2_c5-600x757.png 600w\" sizes=\"(max-width: 619px) 100vw, 619px\" \/><\/a><p id=\"caption-attachment-1723\" class=\"wp-caption-text\">Foto: Sembra de Nengo-dango entorn al punt de control.<\/p><\/div>\n<div id=\"attachment_1724\" style=\"width: 493px\" class=\"wp-caption aligncenter\"><a href=\"http:\/\/lifepinassa.eu\/wp-content\/uploads\/2017\/07\/3_c5.png\"><img aria-describedby=\"caption-attachment-1724\" decoding=\"async\" loading=\"lazy\" class=\"wp-image-1724 size-full\" src=\"http:\/\/lifepinassa.eu\/wp-content\/uploads\/2017\/07\/3_c5.png\" alt=\"3_c5\" width=\"483\" height=\"865\" srcset=\"https:\/\/lifepinassa.eu\/wp-content\/uploads\/2017\/07\/3_c5.png 483w, https:\/\/lifepinassa.eu\/wp-content\/uploads\/2017\/07\/3_c5-167x300.png 167w, https:\/\/lifepinassa.eu\/wp-content\/uploads\/2017\/07\/3_c5-100x179.png 100w, https:\/\/lifepinassa.eu\/wp-content\/uploads\/2017\/07\/3_c5-150x268.png 150w, https:\/\/lifepinassa.eu\/wp-content\/uploads\/2017\/07\/3_c5-200x358.png 200w, https:\/\/lifepinassa.eu\/wp-content\/uploads\/2017\/07\/3_c5-300x537.png 300w, https:\/\/lifepinassa.eu\/wp-content\/uploads\/2017\/07\/3_c5-450x805.png 450w\" sizes=\"(max-width: 483px) 100vw, 483px\" \/><\/a><p id=\"caption-attachment-1724\" class=\"wp-caption-text\">Foto: Sembra amb tractor<\/p><\/div>\n<div id=\"attachment_1725\" style=\"width: 615px\" class=\"wp-caption aligncenter\"><a href=\"http:\/\/lifepinassa.eu\/wp-content\/uploads\/2017\/07\/4_c5.png\"><img aria-describedby=\"caption-attachment-1725\" decoding=\"async\" loading=\"lazy\" class=\"wp-image-1725 size-large\" src=\"http:\/\/lifepinassa.eu\/wp-content\/uploads\/2017\/07\/4_c5-1024x572.png\" alt=\"4_c5\" width=\"605\" height=\"337\" srcset=\"https:\/\/lifepinassa.eu\/wp-content\/uploads\/2017\/07\/4_c5-1024x572.png 1024w, https:\/\/lifepinassa.eu\/wp-content\/uploads\/2017\/07\/4_c5-300x167.png 300w, https:\/\/lifepinassa.eu\/wp-content\/uploads\/2017\/07\/4_c5-450x251.png 450w, https:\/\/lifepinassa.eu\/wp-content\/uploads\/2017\/07\/4_c5-100x55.png 100w, https:\/\/lifepinassa.eu\/wp-content\/uploads\/2017\/07\/4_c5-150x83.png 150w, https:\/\/lifepinassa.eu\/wp-content\/uploads\/2017\/07\/4_c5-200x111.png 200w, https:\/\/lifepinassa.eu\/wp-content\/uploads\/2017\/07\/4_c5-600x335.png 600w, https:\/\/lifepinassa.eu\/wp-content\/uploads\/2017\/07\/4_c5-900x503.png 900w, https:\/\/lifepinassa.eu\/wp-content\/uploads\/2017\/07\/4_c5.png 1248w\" sizes=\"(max-width: 605px) 100vw, 605px\" \/><\/a><p id=\"caption-attachment-1725\" class=\"wp-caption-text\">Foto: Sembra amb tractor<\/p><\/div>\n<p>&nbsp;<\/p>\n<p>&nbsp;<\/p>\n<p>&nbsp;<\/p>\n<p>&nbsp;<\/p>\n<p>&nbsp;<\/p>\n<p>&nbsp;<\/p>\n<p>&nbsp;<\/p>\n<p>&nbsp;<\/p>\n<p>&nbsp;<\/p>\n<p>&nbsp;<\/p>\n<p>&nbsp;<\/p>\n<p>&nbsp;<\/p>\n<p>&nbsp;<\/p>\n","protected":false},"excerpt":{"rendered":"<p>Durant el maig s\u2019ha acabat l\u00b4\u00faltima fase de les feines previstes dins l\u2019acci\u00f3 C5 a Can Ma\u00e7ana. S\u2019ha realitzat la sembra de llavor fent servir 3 metodologies diferents: sembra amb tractor, sembra amb pala fanguera, sembra tirant les llavors a<span class=\"ellipsis\">&hellip;<\/span><\/p>\n<div class=\"read-more\"><a href=\"https:\/\/lifepinassa.eu\/?p=1721\">Read more &#8250;<\/a><\/div>\n<p><!-- end of .read-more --><\/p>\n","protected":false},"author":1,"featured_media":1725,"comment_status":"open","ping_status":"open","sticky":false,"template":"","format":"standard","meta":{"om_disable_all_campaigns":false,"_mi_skip_tracking":false,"ngg_post_thumbnail":0},"categories":[61],"tags":[],"aioseo_notices":[],"_links":{"self":[{"href":"https:\/\/lifepinassa.eu\/index.php?rest_route=\/wp\/v2\/posts\/1721"}],"collection":[{"href":"https:\/\/lifepinassa.eu\/index.php?rest_route=\/wp\/v2\/posts"}],"about":[{"href":"https:\/\/lifepinassa.eu\/index.php?rest_route=\/wp\/v2\/types\/post"}],"author":[{"embeddable":true,"href":"https:\/\/lifepinassa.eu\/index.php?rest_route=\/wp\/v2\/users\/1"}],"replies":[{"embeddable":true,"href":"https:\/\/lifepinassa.eu\/index.php?rest_route=%2Fwp%2Fv2%2Fcomments&post=1721"}],"version-history":[{"count":1,"href":"https:\/\/lifepinassa.eu\/index.php?rest_route=\/wp\/v2\/posts\/1721\/revisions"}],"predecessor-version":[{"id":1726,"href":"https:\/\/lifepinassa.eu\/index.php?rest_route=\/wp\/v2\/posts\/1721\/revisions\/1726"}],"wp:featuredmedia":[{"embeddable":true,"href":"https:\/\/lifepinassa.eu\/index.php?rest_route=\/wp\/v2\/media\/1725"}],"wp:attachment":[{"href":"https:\/\/lifepinassa.eu\/index.php?rest_route=%2Fwp%2Fv2%2Fmedia&parent=1721"}],"wp:term":[{"taxonomy":"category","embeddable":true,"href":"https:\/\/lifepinassa.eu\/index.php?rest_route=%2Fwp%2Fv2%2Fcategories&post=1721"},{"taxonomy":"post_tag","embeddable":true,"href":"https:\/\/lifepinassa.eu\/index.php?rest_route=%2Fwp%2Fv2%2Ftags&post=1721"}],"curies":[{"name":"wp","href":"https:\/\/api.w.org\/{rel}","templated":true}]}}