{"id":1666,"date":"2017-04-07T12:46:01","date_gmt":"2017-04-07T12:46:01","guid":{"rendered":"http:\/\/lifepinassa.eu\/?p=1666"},"modified":"2017-07-07T13:03:49","modified_gmt":"2017-07-07T13:03:49","slug":"la-ume-participa-en-una-quema-prescrita-del-proyecto-life-pinassa","status":"publish","type":"post","link":"https:\/\/lifepinassa.eu\/?p=1666","title":{"rendered":"La UME participa en una quema prescrita del proyecto Life + Pinassa"},"content":{"rendered":"<p>El pasado 7 de abril, el grupo de especialistas GRAF los Bomberos de la Generalitat realiz\u00f3 una quema prescrita en la zona de Secanella, en Pinell de Solson\u00e8s, en el marco del proyecto Life + Pinassa. En esta ocasi\u00f3n recibieron la visita de la UME, que particip\u00f3 de la quema en una oportunidad para realizar una pr\u00e1ctica conjunta.<\/p>\n<p>Tal y como expres\u00f3 la UME en redes, la colaboraci\u00f3n con el proyecto Life + Pinassa ha sido &#8220;una oportunidad de aprender con los mejores&#8221;, en referencia al GRAF.<\/p>\n<p>&nbsp;<\/p>\n<blockquote class=\"twitter-tweet\" data-lang=\"es\">\n<p dir=\"ltr\" lang=\"es\">Proyecto <a href=\"https:\/\/twitter.com\/hashtag\/LifePinassa?src=hash\">#LifePinassa<\/a> una oportunidad de aprender con los mejores. <a href=\"https:\/\/twitter.com\/hashtag\/GRAF?src=hash\">#GRAF<\/a> <a href=\"https:\/\/t.co\/2YDeGRUQhu\">https:\/\/t.co\/2YDeGRUQhu<\/a><\/p>\n<p>\u2014 UME (@UMEgob) <a href=\"https:\/\/twitter.com\/UMEgob\/status\/850388063532576769\">7 de abril de 2017<\/a><\/p><\/blockquote>\n<p><script src=\"\/\/platform.twitter.com\/widgets.js\" async=\"\" charset=\"utf-8\"><\/script>\u00a0 <\/p>\n<blockquote class=\"twitter-tweet\" data-lang=\"es\"><p>2a jornada de quemas prescritas <a href=\"https:\/\/twitter.com\/hashtag\/BIEM4?src=hash\">#BIEM4<\/a> con <a href=\"https:\/\/twitter.com\/hashtag\/GRAF?src=hash\">#GRAF<\/a> de <a href=\"https:\/\/twitter.com\/bomberscat\">@bomberscat<\/a> en la zona del Solson\u00e9s (L\u00e9rida) Proyecto <a href=\"https:\/\/twitter.com\/hashtag\/LifePinassa?src=hash\">#LifePinassa<\/a> <a href=\"https:\/\/t.co\/ZIr0e7ZAGc\">pic.twitter.com\/ZIr0e7ZAGc<\/a> \u2014 UME (@UMEgob) <a href=\"https:\/\/twitter.com\/UMEgob\/status\/850386453876137985\">7 de abril de 2017<\/a><\/p><\/blockquote>\n<p><script src=\"\/\/platform.twitter.com\/widgets.js\" async=\"\" charset=\"utf-8\"><\/script><\/p>\n<p>&nbsp;<\/p>\n<p>&nbsp;<\/p>\n","protected":false},"excerpt":{"rendered":"<p>El pasado 7 de abril, el grupo de especialistas GRAF los Bomberos de la Generalitat realiz\u00f3 una quema prescrita en la zona de Secanella, en Pinell de Solson\u00e8s, en el marco del proyecto Life + Pinassa. En esta ocasi\u00f3n recibieron<span class=\"ellipsis\">&hellip;<\/span><\/p>\n<div class=\"read-more\"><a href=\"https:\/\/lifepinassa.eu\/?p=1666\">Read more &#8250;<\/a><\/div>\n<p><!-- end of .read-more --><\/p>\n","protected":false},"author":1,"featured_media":1675,"comment_status":"open","ping_status":"open","sticky":false,"template":"","format":"standard","meta":{"om_disable_all_campaigns":false,"_mi_skip_tracking":false,"ngg_post_thumbnail":0},"categories":[3],"tags":[],"aioseo_notices":[],"_links":{"self":[{"href":"https:\/\/lifepinassa.eu\/index.php?rest_route=\/wp\/v2\/posts\/1666"}],"collection":[{"href":"https:\/\/lifepinassa.eu\/index.php?rest_route=\/wp\/v2\/posts"}],"about":[{"href":"https:\/\/lifepinassa.eu\/index.php?rest_route=\/wp\/v2\/types\/post"}],"author":[{"embeddable":true,"href":"https:\/\/lifepinassa.eu\/index.php?rest_route=\/wp\/v2\/users\/1"}],"replies":[{"embeddable":true,"href":"https:\/\/lifepinassa.eu\/index.php?rest_route=%2Fwp%2Fv2%2Fcomments&post=1666"}],"version-history":[{"count":1,"href":"https:\/\/lifepinassa.eu\/index.php?rest_route=\/wp\/v2\/posts\/1666\/revisions"}],"predecessor-version":[{"id":1676,"href":"https:\/\/lifepinassa.eu\/index.php?rest_route=\/wp\/v2\/posts\/1666\/revisions\/1676"}],"wp:featuredmedia":[{"embeddable":true,"href":"https:\/\/lifepinassa.eu\/index.php?rest_route=\/wp\/v2\/media\/1675"}],"wp:attachment":[{"href":"https:\/\/lifepinassa.eu\/index.php?rest_route=%2Fwp%2Fv2%2Fmedia&parent=1666"}],"wp:term":[{"taxonomy":"category","embeddable":true,"href":"https:\/\/lifepinassa.eu\/index.php?rest_route=%2Fwp%2Fv2%2Fcategories&post=1666"},{"taxonomy":"post_tag","embeddable":true,"href":"https:\/\/lifepinassa.eu\/index.php?rest_route=%2Fwp%2Fv2%2Ftags&post=1666"}],"curies":[{"name":"wp","href":"https:\/\/api.w.org\/{rel}","templated":true}]}}