{"id":1658,"date":"2017-05-12T12:00:29","date_gmt":"2017-05-12T12:00:29","guid":{"rendered":"http:\/\/lifepinassa.eu\/?p=1658"},"modified":"2017-07-07T12:09:53","modified_gmt":"2017-07-07T12:09:53","slug":"el-proyecto-life-pinassa-en-las-xxxiv-jornadas-tecnicas-silvicolas-emili-garolera","status":"publish","type":"post","link":"https:\/\/lifepinassa.eu\/?p=1658","title":{"rendered":"El proyecto Life+ Pinassa, en las XXXIV Jornadas t\u00e9cnicas silv\u00edcolas Emili Garolera"},"content":{"rendered":"<p>El pasado 12 de mayo, se realiz\u00f3 en Horta de Sant Joan (Tarragona) la jornada &#8220;Gesti\u00f3n para la conservaci\u00f3n del h\u00e1bitat del pino laricio en els Ports&#8221; en el marco de las jornadas t\u00e9cnicas silv\u00edcolas Emili Garolera. Durante la jornada, se visitaron diferentes rodales de actuaci\u00f3n del proyecto Life + Pinassa en el Parque Natural de Ports. Mario Beltr\u00e1n, ingeniero de montes y Jordi Camprodon, doctor en biolog\u00eda, ambos del CTFC, fueron los encargados de coordinar la jornada.<\/p>\n<p>Durante la visita se presentaron las actuaciones realizadas y se discuti\u00f3 sobre la gesti\u00f3n forestal con objetivo de conservar el h\u00e1bitat del pino laricio, h\u00e1bitat prioritario de la Uni\u00f3n Europea. Tambi\u00e9n se habl\u00f3 sobre las herramientas disponibles para la planificaci\u00f3n forestal multifuncional y su traducci\u00f3n en actuaciones silv\u00edcolas espec\u00edficas para cada situaci\u00f3n, ya sean estructuras regulares, irregulares y bosques mixtos. Adem\u00e1s, se discuti\u00f3 sobre la integraci\u00f3n de medidas espec\u00edficas para la mejora del h\u00e1bitat en las actuaciones forestales, y de todo el abanico de opciones en funci\u00f3n de los objetivos de gesti\u00f3n.<\/p>\n<p><a href=\"http:\/\/lifepinassa.eu\/wp-content\/uploads\/2017\/07\/P10600741.jpg\"><img decoding=\"async\" loading=\"lazy\" class=\"aligncenter size-large wp-image-1659\" src=\"http:\/\/lifepinassa.eu\/wp-content\/uploads\/2017\/07\/P10600741-1024x768.jpg\" alt=\"P1060074\" width=\"605\" height=\"453\" srcset=\"https:\/\/lifepinassa.eu\/wp-content\/uploads\/2017\/07\/P10600741-1024x768.jpg 1024w, https:\/\/lifepinassa.eu\/wp-content\/uploads\/2017\/07\/P10600741-300x225.jpg 300w, https:\/\/lifepinassa.eu\/wp-content\/uploads\/2017\/07\/P10600741-100x75.jpg 100w, https:\/\/lifepinassa.eu\/wp-content\/uploads\/2017\/07\/P10600741-150x112.jpg 150w, https:\/\/lifepinassa.eu\/wp-content\/uploads\/2017\/07\/P10600741-200x150.jpg 200w, https:\/\/lifepinassa.eu\/wp-content\/uploads\/2017\/07\/P10600741-450x337.jpg 450w, https:\/\/lifepinassa.eu\/wp-content\/uploads\/2017\/07\/P10600741-600x450.jpg 600w, https:\/\/lifepinassa.eu\/wp-content\/uploads\/2017\/07\/P10600741-900x675.jpg 900w\" sizes=\"(max-width: 605px) 100vw, 605px\" \/><\/a> <a href=\"http:\/\/lifepinassa.eu\/wp-content\/uploads\/2017\/07\/P10600811.jpg\"><img decoding=\"async\" loading=\"lazy\" class=\"aligncenter size-large wp-image-1660\" src=\"http:\/\/lifepinassa.eu\/wp-content\/uploads\/2017\/07\/P10600811-1024x768.jpg\" alt=\"P1060081\" width=\"605\" height=\"453\" srcset=\"https:\/\/lifepinassa.eu\/wp-content\/uploads\/2017\/07\/P10600811-1024x768.jpg 1024w, https:\/\/lifepinassa.eu\/wp-content\/uploads\/2017\/07\/P10600811-300x225.jpg 300w, https:\/\/lifepinassa.eu\/wp-content\/uploads\/2017\/07\/P10600811-100x75.jpg 100w, https:\/\/lifepinassa.eu\/wp-content\/uploads\/2017\/07\/P10600811-150x112.jpg 150w, https:\/\/lifepinassa.eu\/wp-content\/uploads\/2017\/07\/P10600811-200x150.jpg 200w, https:\/\/lifepinassa.eu\/wp-content\/uploads\/2017\/07\/P10600811-450x337.jpg 450w, https:\/\/lifepinassa.eu\/wp-content\/uploads\/2017\/07\/P10600811-600x450.jpg 600w, https:\/\/lifepinassa.eu\/wp-content\/uploads\/2017\/07\/P10600811-900x675.jpg 900w\" sizes=\"(max-width: 605px) 100vw, 605px\" \/><\/a><\/p>\n","protected":false},"excerpt":{"rendered":"<p>El pasado 12 de mayo, se realiz\u00f3 en Horta de Sant Joan (Tarragona) la jornada &#8220;Gesti\u00f3n para la conservaci\u00f3n del h\u00e1bitat del pino laricio en els Ports&#8221; en el marco de las jornadas t\u00e9cnicas silv\u00edcolas Emili Garolera. Durante la jornada,<span class=\"ellipsis\">&hellip;<\/span><\/p>\n<div class=\"read-more\"><a href=\"https:\/\/lifepinassa.eu\/?p=1658\">Read more &#8250;<\/a><\/div>\n<p><!-- end of .read-more --><\/p>\n","protected":false},"author":1,"featured_media":1655,"comment_status":"open","ping_status":"open","sticky":false,"template":"","format":"standard","meta":{"om_disable_all_campaigns":false,"_mi_skip_tracking":false,"ngg_post_thumbnail":0},"categories":[3],"tags":[],"aioseo_notices":[],"_links":{"self":[{"href":"https:\/\/lifepinassa.eu\/index.php?rest_route=\/wp\/v2\/posts\/1658"}],"collection":[{"href":"https:\/\/lifepinassa.eu\/index.php?rest_route=\/wp\/v2\/posts"}],"about":[{"href":"https:\/\/lifepinassa.eu\/index.php?rest_route=\/wp\/v2\/types\/post"}],"author":[{"embeddable":true,"href":"https:\/\/lifepinassa.eu\/index.php?rest_route=\/wp\/v2\/users\/1"}],"replies":[{"embeddable":true,"href":"https:\/\/lifepinassa.eu\/index.php?rest_route=%2Fwp%2Fv2%2Fcomments&post=1658"}],"version-history":[{"count":1,"href":"https:\/\/lifepinassa.eu\/index.php?rest_route=\/wp\/v2\/posts\/1658\/revisions"}],"predecessor-version":[{"id":1661,"href":"https:\/\/lifepinassa.eu\/index.php?rest_route=\/wp\/v2\/posts\/1658\/revisions\/1661"}],"wp:featuredmedia":[{"embeddable":true,"href":"https:\/\/lifepinassa.eu\/index.php?rest_route=\/wp\/v2\/media\/1655"}],"wp:attachment":[{"href":"https:\/\/lifepinassa.eu\/index.php?rest_route=%2Fwp%2Fv2%2Fmedia&parent=1658"}],"wp:term":[{"taxonomy":"category","embeddable":true,"href":"https:\/\/lifepinassa.eu\/index.php?rest_route=%2Fwp%2Fv2%2Fcategories&post=1658"},{"taxonomy":"post_tag","embeddable":true,"href":"https:\/\/lifepinassa.eu\/index.php?rest_route=%2Fwp%2Fv2%2Ftags&post=1658"}],"curies":[{"name":"wp","href":"https:\/\/api.w.org\/{rel}","templated":true}]}}