{"id":1654,"date":"2017-05-12T11:33:37","date_gmt":"2017-05-12T11:33:37","guid":{"rendered":"http:\/\/lifepinassa.eu\/?p=1654"},"modified":"2017-07-07T11:59:59","modified_gmt":"2017-07-07T11:59:59","slug":"el-projecte-life-pinassa-a-les-xxxiv-jornades-tecniques-silvicoles-emili-garolera","status":"publish","type":"post","link":"https:\/\/lifepinassa.eu\/?p=1654","title":{"rendered":"El projecte Life+ Pinassa, a les XXXIV Jornades t\u00e8cniques silv\u00edcoles Emili Garolera"},"content":{"rendered":"<p>El passat 12 de maig, es va realitzar a Horta de Sant Joan (Terra Alta) la jornada &#8220;Gesti\u00f3 per a la conservaci\u00f3 de l\u2019h\u00e0bitat de la pinassa als Ports&#8221; en el marc de les jornades t\u00e8cniques silv\u00edcoles Emili Garolera. Durant la jornada, \u00a0es van visitar diferents rodals d\u2019actuaci\u00f3 del projecte Life+Pinassa al Parc Natural de Ports.\u00a0Mario Beltr\u00e1n, enginyer de forests i Jordi Camprodon, doctor en biologia, ambd\u00f3s del CTFC, van ser els encarregats de coordinar la jornada.<\/p>\n<p>Durant la visita es van presentar les actuacions realitzades i es va discutir sobre la gesti\u00f3 forestal amb objectiu de conservar l\u2019h\u00e0bitat de pinassa, h\u00e0bitat prioritari de la Uni\u00f3 Europea. Tamb\u00e9 es va parlar sobre les eines disponibles per a la planificaci\u00f3 forestal multifuncional i la seva traducci\u00f3 a actuacions silv\u00edcoles espec\u00edfiques per a cada situaci\u00f3, ja siguin estructures regulars, irregulars i boscos mixtos. A m\u00e9s a m\u00e9s, es va discutir sobre la integraci\u00f3 de mesures espec\u00edfiques per a la millora de l\u2019h\u00e0bitat en les actuacions forestals, i de tot el ventall d\u2019opcions en funci\u00f3 dels objectius de gesti\u00f3.<\/p>\n<p><a href=\"http:\/\/lifepinassa.eu\/wp-content\/uploads\/2017\/07\/P1060074.jpg\"><img decoding=\"async\" loading=\"lazy\" class=\"aligncenter size-large wp-image-1655\" src=\"http:\/\/lifepinassa.eu\/wp-content\/uploads\/2017\/07\/P1060074-1024x768.jpg\" alt=\"P1060074\" width=\"605\" height=\"453\" srcset=\"https:\/\/lifepinassa.eu\/wp-content\/uploads\/2017\/07\/P1060074-1024x768.jpg 1024w, https:\/\/lifepinassa.eu\/wp-content\/uploads\/2017\/07\/P1060074-300x225.jpg 300w, https:\/\/lifepinassa.eu\/wp-content\/uploads\/2017\/07\/P1060074-100x75.jpg 100w, https:\/\/lifepinassa.eu\/wp-content\/uploads\/2017\/07\/P1060074-150x112.jpg 150w, https:\/\/lifepinassa.eu\/wp-content\/uploads\/2017\/07\/P1060074-200x150.jpg 200w, https:\/\/lifepinassa.eu\/wp-content\/uploads\/2017\/07\/P1060074-450x337.jpg 450w, https:\/\/lifepinassa.eu\/wp-content\/uploads\/2017\/07\/P1060074-600x450.jpg 600w, https:\/\/lifepinassa.eu\/wp-content\/uploads\/2017\/07\/P1060074-900x675.jpg 900w\" sizes=\"(max-width: 605px) 100vw, 605px\" \/><\/a> <a href=\"http:\/\/lifepinassa.eu\/wp-content\/uploads\/2017\/07\/P1060081.jpg\"><img decoding=\"async\" loading=\"lazy\" class=\"aligncenter size-large wp-image-1656\" src=\"http:\/\/lifepinassa.eu\/wp-content\/uploads\/2017\/07\/P1060081-1024x768.jpg\" alt=\"P1060081\" width=\"605\" height=\"453\" srcset=\"https:\/\/lifepinassa.eu\/wp-content\/uploads\/2017\/07\/P1060081-1024x768.jpg 1024w, https:\/\/lifepinassa.eu\/wp-content\/uploads\/2017\/07\/P1060081-300x225.jpg 300w, https:\/\/lifepinassa.eu\/wp-content\/uploads\/2017\/07\/P1060081-100x75.jpg 100w, https:\/\/lifepinassa.eu\/wp-content\/uploads\/2017\/07\/P1060081-150x112.jpg 150w, https:\/\/lifepinassa.eu\/wp-content\/uploads\/2017\/07\/P1060081-200x150.jpg 200w, https:\/\/lifepinassa.eu\/wp-content\/uploads\/2017\/07\/P1060081-450x337.jpg 450w, https:\/\/lifepinassa.eu\/wp-content\/uploads\/2017\/07\/P1060081-600x450.jpg 600w, https:\/\/lifepinassa.eu\/wp-content\/uploads\/2017\/07\/P1060081-900x675.jpg 900w\" sizes=\"(max-width: 605px) 100vw, 605px\" \/><\/a><\/p>\n","protected":false},"excerpt":{"rendered":"<p>El passat 12 de maig, es va realitzar a Horta de Sant Joan (Terra Alta) la jornada &#8220;Gesti\u00f3 per a la conservaci\u00f3 de l\u2019h\u00e0bitat de la pinassa als Ports&#8221; en el marc de les jornades t\u00e8cniques silv\u00edcoles Emili Garolera. Durant<span class=\"ellipsis\">&hellip;<\/span><\/p>\n<div class=\"read-more\"><a href=\"https:\/\/lifepinassa.eu\/?p=1654\">Read more &#8250;<\/a><\/div>\n<p><!-- end of .read-more --><\/p>\n","protected":false},"author":1,"featured_media":1655,"comment_status":"open","ping_status":"open","sticky":false,"template":"","format":"standard","meta":{"om_disable_all_campaigns":false,"_mi_skip_tracking":false,"ngg_post_thumbnail":0},"categories":[61],"tags":[],"aioseo_notices":[],"_links":{"self":[{"href":"https:\/\/lifepinassa.eu\/index.php?rest_route=\/wp\/v2\/posts\/1654"}],"collection":[{"href":"https:\/\/lifepinassa.eu\/index.php?rest_route=\/wp\/v2\/posts"}],"about":[{"href":"https:\/\/lifepinassa.eu\/index.php?rest_route=\/wp\/v2\/types\/post"}],"author":[{"embeddable":true,"href":"https:\/\/lifepinassa.eu\/index.php?rest_route=\/wp\/v2\/users\/1"}],"replies":[{"embeddable":true,"href":"https:\/\/lifepinassa.eu\/index.php?rest_route=%2Fwp%2Fv2%2Fcomments&post=1654"}],"version-history":[{"count":1,"href":"https:\/\/lifepinassa.eu\/index.php?rest_route=\/wp\/v2\/posts\/1654\/revisions"}],"predecessor-version":[{"id":1657,"href":"https:\/\/lifepinassa.eu\/index.php?rest_route=\/wp\/v2\/posts\/1654\/revisions\/1657"}],"wp:featuredmedia":[{"embeddable":true,"href":"https:\/\/lifepinassa.eu\/index.php?rest_route=\/wp\/v2\/media\/1655"}],"wp:attachment":[{"href":"https:\/\/lifepinassa.eu\/index.php?rest_route=%2Fwp%2Fv2%2Fmedia&parent=1654"}],"wp:term":[{"taxonomy":"category","embeddable":true,"href":"https:\/\/lifepinassa.eu\/index.php?rest_route=%2Fwp%2Fv2%2Fcategories&post=1654"},{"taxonomy":"post_tag","embeddable":true,"href":"https:\/\/lifepinassa.eu\/index.php?rest_route=%2Fwp%2Fv2%2Ftags&post=1654"}],"curies":[{"name":"wp","href":"https:\/\/api.w.org\/{rel}","templated":true}]}}