{"id":1628,"date":"2017-04-10T12:43:29","date_gmt":"2017-04-10T12:43:29","guid":{"rendered":"http:\/\/lifepinassa.eu\/?p=1628"},"modified":"2017-07-14T13:19:46","modified_gmt":"2017-07-14T13:19:46","slug":"realizacion-de-quemas-prescritas","status":"publish","type":"post","link":"https:\/\/lifepinassa.eu\/?p=1628","title":{"rendered":"Realizaci\u00f3n de quemas prescritas"},"content":{"rendered":"<p>Dentro de la acci\u00f3n C6 , el equipo GRAF de los Bombers de Catalunya, realizaron las \u00faltimas quemas prescritas que faltaban para completar esta acci\u00f3n. A Colldejou (21 de febrero) consisti\u00f3 en una quema bajo arbolado y en Secanella (5 de abril), en una quema de los restos procedentes del tratamiento mec\u00e1nico realizado con anterioridad. Las quemas se monitorizaron con termopares. Semanas despu\u00e9s, los t\u00e9cnicos del CTFC efectuaron los muestreos dasom\u00e8trics, transectos de vegetaci\u00f3n y muestreos destructivos de sotobosque post tratamiento. Las quemas que faltan de la acci\u00f3n C7 se espera que se realicen durante este verano.<\/p>\n<p><a href=\"http:\/\/lifepinassa.eu\/wp-content\/uploads\/2017\/07\/Colldejou-cremes1.jpg\"><img decoding=\"async\" loading=\"lazy\" class=\"aligncenter size-large wp-image-1629\" src=\"http:\/\/lifepinassa.eu\/wp-content\/uploads\/2017\/07\/Colldejou-cremes1-1024x576.jpg\" alt=\"Colldejou cremes1\" width=\"605\" height=\"340\" srcset=\"https:\/\/lifepinassa.eu\/wp-content\/uploads\/2017\/07\/Colldejou-cremes1-1024x576.jpg 1024w, https:\/\/lifepinassa.eu\/wp-content\/uploads\/2017\/07\/Colldejou-cremes1-300x168.jpg 300w, https:\/\/lifepinassa.eu\/wp-content\/uploads\/2017\/07\/Colldejou-cremes1-100x56.jpg 100w, https:\/\/lifepinassa.eu\/wp-content\/uploads\/2017\/07\/Colldejou-cremes1-150x84.jpg 150w, https:\/\/lifepinassa.eu\/wp-content\/uploads\/2017\/07\/Colldejou-cremes1-200x112.jpg 200w, https:\/\/lifepinassa.eu\/wp-content\/uploads\/2017\/07\/Colldejou-cremes1-450x253.jpg 450w, https:\/\/lifepinassa.eu\/wp-content\/uploads\/2017\/07\/Colldejou-cremes1-600x337.jpg 600w, https:\/\/lifepinassa.eu\/wp-content\/uploads\/2017\/07\/Colldejou-cremes1-900x506.jpg 900w, https:\/\/lifepinassa.eu\/wp-content\/uploads\/2017\/07\/Colldejou-cremes1.jpg 1280w\" sizes=\"(max-width: 605px) 100vw, 605px\" \/><\/a><\/p>\n","protected":false},"excerpt":{"rendered":"<p>Dentro de la acci\u00f3n C6 , el equipo GRAF de los Bombers de Catalunya, realizaron las \u00faltimas quemas prescritas que faltaban para completar esta acci\u00f3n. A Colldejou (21 de febrero) consisti\u00f3 en una quema bajo arbolado y en Secanella (5<span class=\"ellipsis\">&hellip;<\/span><\/p>\n<div class=\"read-more\"><a href=\"https:\/\/lifepinassa.eu\/?p=1628\">Read more &#8250;<\/a><\/div>\n<p><!-- end of .read-more --><\/p>\n","protected":false},"author":1,"featured_media":1629,"comment_status":"open","ping_status":"open","sticky":false,"template":"","format":"standard","meta":{"om_disable_all_campaigns":false,"_mi_skip_tracking":false,"ngg_post_thumbnail":0},"categories":[3],"tags":[],"aioseo_notices":[],"_links":{"self":[{"href":"https:\/\/lifepinassa.eu\/index.php?rest_route=\/wp\/v2\/posts\/1628"}],"collection":[{"href":"https:\/\/lifepinassa.eu\/index.php?rest_route=\/wp\/v2\/posts"}],"about":[{"href":"https:\/\/lifepinassa.eu\/index.php?rest_route=\/wp\/v2\/types\/post"}],"author":[{"embeddable":true,"href":"https:\/\/lifepinassa.eu\/index.php?rest_route=\/wp\/v2\/users\/1"}],"replies":[{"embeddable":true,"href":"https:\/\/lifepinassa.eu\/index.php?rest_route=%2Fwp%2Fv2%2Fcomments&post=1628"}],"version-history":[{"count":2,"href":"https:\/\/lifepinassa.eu\/index.php?rest_route=\/wp\/v2\/posts\/1628\/revisions"}],"predecessor-version":[{"id":1745,"href":"https:\/\/lifepinassa.eu\/index.php?rest_route=\/wp\/v2\/posts\/1628\/revisions\/1745"}],"wp:featuredmedia":[{"embeddable":true,"href":"https:\/\/lifepinassa.eu\/index.php?rest_route=\/wp\/v2\/media\/1629"}],"wp:attachment":[{"href":"https:\/\/lifepinassa.eu\/index.php?rest_route=%2Fwp%2Fv2%2Fmedia&parent=1628"}],"wp:term":[{"taxonomy":"category","embeddable":true,"href":"https:\/\/lifepinassa.eu\/index.php?rest_route=%2Fwp%2Fv2%2Fcategories&post=1628"},{"taxonomy":"post_tag","embeddable":true,"href":"https:\/\/lifepinassa.eu\/index.php?rest_route=%2Fwp%2Fv2%2Ftags&post=1628"}],"curies":[{"name":"wp","href":"https:\/\/api.w.org\/{rel}","templated":true}]}}