{"id":1508,"date":"2016-10-20T10:47:36","date_gmt":"2016-10-20T10:47:36","guid":{"rendered":"http:\/\/lifepinassa.eu\/?p=1508"},"modified":"2016-10-20T10:47:48","modified_gmt":"2016-10-20T10:47:48","slug":"buena-asistencia-a-la-jornada-sobre-conservacion-de-los-bosques-de-pino","status":"publish","type":"post","link":"https:\/\/lifepinassa.eu\/?p=1508","title":{"rendered":"Buena asistencia a la jornada sobre conservaci\u00f3n de los bosques de pino"},"content":{"rendered":"<p>El pasado 18 de octubre tuvo lugar en Llaberia (municipio de Tivissa) la jornada <strong><em>Conservaci\u00f3n de los bosques de pino: medidas para la prevenci\u00f3n de incendios<\/em><\/strong>, en el marco de las jornadas t\u00e9cnicas del Plan Anual de Transferencia Tecnol\u00f3gica (PATT) del DARP.<\/p>\n<p>La jornada pretend\u00eda presentar y detallar las acciones que se realizan en el marco del Proyecto Life + Pinassa para la gesti\u00f3n sostenible y conservaci\u00f3n de esta especie.<\/p>\n<p>A la jornada asistieron 35 participantes con perfiles muy diversos: t\u00e9cnicos de la administraci\u00f3n, propietarios, trabajadores forestales, estudiantes y miembros de ADFs, entre otros.<\/p>\n<p><a href=\"http:\/\/lifepinassa.eu\/wp-content\/uploads\/2016\/10\/IMG-20161018-WA00021.jpg\"><img decoding=\"async\" loading=\"lazy\" class=\"aligncenter size-large wp-image-1513\" src=\"http:\/\/lifepinassa.eu\/wp-content\/uploads\/2016\/10\/IMG-20161018-WA00021-1024x764.jpg\" alt=\"\" width=\"605\" height=\"451\" srcset=\"https:\/\/lifepinassa.eu\/wp-content\/uploads\/2016\/10\/IMG-20161018-WA00021-1024x764.jpg 1024w, https:\/\/lifepinassa.eu\/wp-content\/uploads\/2016\/10\/IMG-20161018-WA00021-300x224.jpg 300w, https:\/\/lifepinassa.eu\/wp-content\/uploads\/2016\/10\/IMG-20161018-WA00021-100x74.jpg 100w, https:\/\/lifepinassa.eu\/wp-content\/uploads\/2016\/10\/IMG-20161018-WA00021-150x112.jpg 150w, https:\/\/lifepinassa.eu\/wp-content\/uploads\/2016\/10\/IMG-20161018-WA00021-200x149.jpg 200w, https:\/\/lifepinassa.eu\/wp-content\/uploads\/2016\/10\/IMG-20161018-WA00021-450x336.jpg 450w, https:\/\/lifepinassa.eu\/wp-content\/uploads\/2016\/10\/IMG-20161018-WA00021-600x448.jpg 600w, https:\/\/lifepinassa.eu\/wp-content\/uploads\/2016\/10\/IMG-20161018-WA00021-900x672.jpg 900w, https:\/\/lifepinassa.eu\/wp-content\/uploads\/2016\/10\/IMG-20161018-WA00021.jpg 1600w\" sizes=\"(max-width: 605px) 100vw, 605px\" \/><\/a><\/p>\n<p>En primer lugar se realiz\u00f3 una explicaci\u00f3n general del proyecto Life + Pinassa a cargo de Teresa Cervera, del Centro de la Propiedad Forestal: Rut Dom\u00e8nech, del Centro Tecnol\u00f3gico Forestal de Catalu\u00f1a, detall\u00f3 las actuaciones del proyecto encaminadas a la prevenci\u00f3n de incendios en bosques de pino y finalmente, Marc Castellnou, de Bombers de la Generalitat, explic\u00f3 la gesti\u00f3n forestal de la pinocha a trav\u00e9s de las quemas prescritas.<\/p>\n<p><a href=\"http:\/\/lifepinassa.eu\/wp-content\/uploads\/2016\/10\/IMG-20161018-WA00061.jpg\"><img decoding=\"async\" loading=\"lazy\" class=\"aligncenter size-large wp-image-1510\" src=\"http:\/\/lifepinassa.eu\/wp-content\/uploads\/2016\/10\/IMG-20161018-WA00061-1024x764.jpg\" alt=\"\" width=\"605\" height=\"451\" srcset=\"https:\/\/lifepinassa.eu\/wp-content\/uploads\/2016\/10\/IMG-20161018-WA00061-1024x764.jpg 1024w, https:\/\/lifepinassa.eu\/wp-content\/uploads\/2016\/10\/IMG-20161018-WA00061-300x224.jpg 300w, https:\/\/lifepinassa.eu\/wp-content\/uploads\/2016\/10\/IMG-20161018-WA00061-100x74.jpg 100w, https:\/\/lifepinassa.eu\/wp-content\/uploads\/2016\/10\/IMG-20161018-WA00061-150x112.jpg 150w, https:\/\/lifepinassa.eu\/wp-content\/uploads\/2016\/10\/IMG-20161018-WA00061-200x149.jpg 200w, https:\/\/lifepinassa.eu\/wp-content\/uploads\/2016\/10\/IMG-20161018-WA00061-450x336.jpg 450w, https:\/\/lifepinassa.eu\/wp-content\/uploads\/2016\/10\/IMG-20161018-WA00061-600x448.jpg 600w, https:\/\/lifepinassa.eu\/wp-content\/uploads\/2016\/10\/IMG-20161018-WA00061-900x672.jpg 900w, https:\/\/lifepinassa.eu\/wp-content\/uploads\/2016\/10\/IMG-20161018-WA00061.jpg 1600w\" sizes=\"(max-width: 605px) 100vw, 605px\" \/><\/a><\/p>\n<p>A continuaci\u00f3n, se visit\u00f3 el paraje del Coll de Collivassos donde el pasado mes de junio se efectu\u00f3 una quema controlada con el objetivo de imitar los efectos de los rayos y, in situ, se discuti\u00f3 sobre la ecolog\u00eda del fuego de la pinocha. Tambi\u00e9n se pudieron observar y discutir desde la cima del monte las actuaciones estrat\u00e9gicas realizadas en puntos concretos para mejorar la gesti\u00f3n de los bosques de pino situadas en el Coll del Guix (Colldejou).<\/p>\n<p><a href=\"http:\/\/lifepinassa.eu\/wp-content\/uploads\/2016\/10\/IMG-20161018-WA00081.jpg\"><img decoding=\"async\" loading=\"lazy\" class=\"aligncenter size-large wp-image-1509\" src=\"http:\/\/lifepinassa.eu\/wp-content\/uploads\/2016\/10\/IMG-20161018-WA00081-1024x764.jpg\" alt=\"\" width=\"605\" height=\"451\" srcset=\"https:\/\/lifepinassa.eu\/wp-content\/uploads\/2016\/10\/IMG-20161018-WA00081-1024x764.jpg 1024w, https:\/\/lifepinassa.eu\/wp-content\/uploads\/2016\/10\/IMG-20161018-WA00081-300x224.jpg 300w, https:\/\/lifepinassa.eu\/wp-content\/uploads\/2016\/10\/IMG-20161018-WA00081-100x74.jpg 100w, https:\/\/lifepinassa.eu\/wp-content\/uploads\/2016\/10\/IMG-20161018-WA00081-150x112.jpg 150w, https:\/\/lifepinassa.eu\/wp-content\/uploads\/2016\/10\/IMG-20161018-WA00081-200x149.jpg 200w, https:\/\/lifepinassa.eu\/wp-content\/uploads\/2016\/10\/IMG-20161018-WA00081-450x336.jpg 450w, https:\/\/lifepinassa.eu\/wp-content\/uploads\/2016\/10\/IMG-20161018-WA00081-600x448.jpg 600w, https:\/\/lifepinassa.eu\/wp-content\/uploads\/2016\/10\/IMG-20161018-WA00081-900x672.jpg 900w, https:\/\/lifepinassa.eu\/wp-content\/uploads\/2016\/10\/IMG-20161018-WA00081.jpg 1600w\" sizes=\"(max-width: 605px) 100vw, 605px\" \/><\/a><\/p>\n","protected":false},"excerpt":{"rendered":"<p>El pasado 18 de octubre tuvo lugar en Llaberia (municipio de Tivissa) la jornada Conservaci\u00f3n de los bosques de pino: medidas para la prevenci\u00f3n de incendios, en el marco de las jornadas t\u00e9cnicas del Plan Anual de Transferencia Tecnol\u00f3gica (PATT)<span class=\"ellipsis\">&hellip;<\/span><\/p>\n<div class=\"read-more\"><a href=\"https:\/\/lifepinassa.eu\/?p=1508\">Read more &#8250;<\/a><\/div>\n<p><!-- end of .read-more --><\/p>\n","protected":false},"author":1,"featured_media":0,"comment_status":"open","ping_status":"open","sticky":false,"template":"","format":"standard","meta":{"om_disable_all_campaigns":false,"_mi_skip_tracking":false,"ngg_post_thumbnail":0},"categories":[3],"tags":[],"aioseo_notices":[],"_links":{"self":[{"href":"https:\/\/lifepinassa.eu\/index.php?rest_route=\/wp\/v2\/posts\/1508"}],"collection":[{"href":"https:\/\/lifepinassa.eu\/index.php?rest_route=\/wp\/v2\/posts"}],"about":[{"href":"https:\/\/lifepinassa.eu\/index.php?rest_route=\/wp\/v2\/types\/post"}],"author":[{"embeddable":true,"href":"https:\/\/lifepinassa.eu\/index.php?rest_route=\/wp\/v2\/users\/1"}],"replies":[{"embeddable":true,"href":"https:\/\/lifepinassa.eu\/index.php?rest_route=%2Fwp%2Fv2%2Fcomments&post=1508"}],"version-history":[{"count":1,"href":"https:\/\/lifepinassa.eu\/index.php?rest_route=\/wp\/v2\/posts\/1508\/revisions"}],"predecessor-version":[{"id":1514,"href":"https:\/\/lifepinassa.eu\/index.php?rest_route=\/wp\/v2\/posts\/1508\/revisions\/1514"}],"wp:attachment":[{"href":"https:\/\/lifepinassa.eu\/index.php?rest_route=%2Fwp%2Fv2%2Fmedia&parent=1508"}],"wp:term":[{"taxonomy":"category","embeddable":true,"href":"https:\/\/lifepinassa.eu\/index.php?rest_route=%2Fwp%2Fv2%2Fcategories&post=1508"},{"taxonomy":"post_tag","embeddable":true,"href":"https:\/\/lifepinassa.eu\/index.php?rest_route=%2Fwp%2Fv2%2Ftags&post=1508"}],"curies":[{"name":"wp","href":"https:\/\/api.w.org\/{rel}","templated":true}]}}