{"id":1501,"date":"2016-10-20T10:48:52","date_gmt":"2016-10-20T10:48:52","guid":{"rendered":"http:\/\/lifepinassa.eu\/?p=1501"},"modified":"2016-10-20T10:48:52","modified_gmt":"2016-10-20T10:48:52","slug":"bona-assistencia-a-la-jornada-sobre-la-conservacio-dels-boscos-de-pinassa","status":"publish","type":"post","link":"https:\/\/lifepinassa.eu\/?p=1501","title":{"rendered":"Bona assist\u00e8ncia  a la jornada sobre la conservaci\u00f3 dels boscos de pinassa"},"content":{"rendered":"<p>El passat 18 de d\u2019octubre va tenir lloc a Llaberia (municipi de Tivissa) la jornada <strong><em>Conservaci\u00f3 dels boscos de pinassa: mesures per a la prevenci\u00f3 d&#8217;incendis<\/em><\/strong>, \u00a0dins de les jornades t\u00e8cniques del Pla Anual de Transfer\u00e8ncia Tecnol\u00f2gica (PATT) del DARP.<\/p>\n<p>La jornada tenia l&#8217;objectiu de presentar i detallar les accions que es realitzen en el marc del Projecte Life+Pinassa per la gesti\u00f3 sostenible i conservaci\u00f3 d\u2019aquesta esp\u00e8cie.<\/p>\n<p>&nbsp;<\/p>\n<p><a href=\"http:\/\/lifepinassa.eu\/wp-content\/uploads\/2016\/10\/IMG-20161018-WA0002.jpg\"><img decoding=\"async\" loading=\"lazy\" class=\"aligncenter size-large wp-image-1502\" src=\"http:\/\/lifepinassa.eu\/wp-content\/uploads\/2016\/10\/IMG-20161018-WA0002-1024x764.jpg\" alt=\"\" width=\"605\" height=\"451\" srcset=\"https:\/\/lifepinassa.eu\/wp-content\/uploads\/2016\/10\/IMG-20161018-WA0002-1024x764.jpg 1024w, https:\/\/lifepinassa.eu\/wp-content\/uploads\/2016\/10\/IMG-20161018-WA0002-300x224.jpg 300w, https:\/\/lifepinassa.eu\/wp-content\/uploads\/2016\/10\/IMG-20161018-WA0002-100x74.jpg 100w, https:\/\/lifepinassa.eu\/wp-content\/uploads\/2016\/10\/IMG-20161018-WA0002-150x112.jpg 150w, https:\/\/lifepinassa.eu\/wp-content\/uploads\/2016\/10\/IMG-20161018-WA0002-200x149.jpg 200w, https:\/\/lifepinassa.eu\/wp-content\/uploads\/2016\/10\/IMG-20161018-WA0002-450x336.jpg 450w, https:\/\/lifepinassa.eu\/wp-content\/uploads\/2016\/10\/IMG-20161018-WA0002-600x448.jpg 600w, https:\/\/lifepinassa.eu\/wp-content\/uploads\/2016\/10\/IMG-20161018-WA0002-900x672.jpg 900w, https:\/\/lifepinassa.eu\/wp-content\/uploads\/2016\/10\/IMG-20161018-WA0002.jpg 1600w\" sizes=\"(max-width: 605px) 100vw, 605px\" \/><\/a><\/p>\n<p>A la jornada van assistir-hi un total de 35 participants amb perfils molt diversos tals com t\u00e8cnics de l\u2019administraci\u00f3, propietaris, treballadors forestals, estudiants i membres d\u2019ADFs, entre d\u2019altres.<\/p>\n<p>En primer lloc es va realitzar una explicaci\u00f3 general del projecte Life+Pinassa a c\u00e0rrec de Teresa Cervera, del Centre de la Propietat forestal: Rut Dom\u00e8nech, del Centre Tecnol\u00f2gic Forestal de Catalunya, va detallar les actuacions del projecte encaminades a la prevenci\u00f3 d\u2019incendis en boscos de pinassa i finalment, Marc Castellnou, de Bombers de la Generalitat, va explicar la gesti\u00f3 forestal de la pinassa a trav\u00e9s de les cremes prescrites.<\/p>\n<p><a href=\"http:\/\/lifepinassa.eu\/wp-content\/uploads\/2016\/10\/IMG-20161018-WA0006.jpg\"><img decoding=\"async\" loading=\"lazy\" class=\"aligncenter size-large wp-image-1503\" src=\"http:\/\/lifepinassa.eu\/wp-content\/uploads\/2016\/10\/IMG-20161018-WA0006-1024x764.jpg\" alt=\"\" width=\"605\" height=\"451\" srcset=\"https:\/\/lifepinassa.eu\/wp-content\/uploads\/2016\/10\/IMG-20161018-WA0006-1024x764.jpg 1024w, https:\/\/lifepinassa.eu\/wp-content\/uploads\/2016\/10\/IMG-20161018-WA0006-300x224.jpg 300w, https:\/\/lifepinassa.eu\/wp-content\/uploads\/2016\/10\/IMG-20161018-WA0006-100x74.jpg 100w, https:\/\/lifepinassa.eu\/wp-content\/uploads\/2016\/10\/IMG-20161018-WA0006-150x112.jpg 150w, https:\/\/lifepinassa.eu\/wp-content\/uploads\/2016\/10\/IMG-20161018-WA0006-200x149.jpg 200w, https:\/\/lifepinassa.eu\/wp-content\/uploads\/2016\/10\/IMG-20161018-WA0006-450x336.jpg 450w, https:\/\/lifepinassa.eu\/wp-content\/uploads\/2016\/10\/IMG-20161018-WA0006-600x448.jpg 600w, https:\/\/lifepinassa.eu\/wp-content\/uploads\/2016\/10\/IMG-20161018-WA0006-900x672.jpg 900w, https:\/\/lifepinassa.eu\/wp-content\/uploads\/2016\/10\/IMG-20161018-WA0006.jpg 1600w\" sizes=\"(max-width: 605px) 100vw, 605px\" \/><\/a><\/p>\n<p>Tot seguit, es va visitar el paratge del Coll dels Collivassos on el passat mes de juny es va efectuar una crema controlada amb l\u2019objectiu d\u2019imitar els efectes dels llamps i, in situ, es va discutir sobre l\u2019ecologia del foc de la pinassa. A continuaci\u00f3, es van poder observar i discutir des de dalt del cingle les actuacions estrat\u00e8giques realitzades en punts concrets per millorar la gesti\u00f3 dels boscos de pinassa situades al Coll del Guix (Colldejou).<\/p>\n<p><a href=\"http:\/\/lifepinassa.eu\/wp-content\/uploads\/2016\/10\/IMG-20161018-WA0008.jpg\"><img decoding=\"async\" loading=\"lazy\" class=\"aligncenter size-large wp-image-1504\" src=\"http:\/\/lifepinassa.eu\/wp-content\/uploads\/2016\/10\/IMG-20161018-WA0008-1024x764.jpg\" alt=\"\" width=\"605\" height=\"451\" srcset=\"https:\/\/lifepinassa.eu\/wp-content\/uploads\/2016\/10\/IMG-20161018-WA0008-1024x764.jpg 1024w, https:\/\/lifepinassa.eu\/wp-content\/uploads\/2016\/10\/IMG-20161018-WA0008-300x224.jpg 300w, https:\/\/lifepinassa.eu\/wp-content\/uploads\/2016\/10\/IMG-20161018-WA0008-100x74.jpg 100w, https:\/\/lifepinassa.eu\/wp-content\/uploads\/2016\/10\/IMG-20161018-WA0008-150x112.jpg 150w, https:\/\/lifepinassa.eu\/wp-content\/uploads\/2016\/10\/IMG-20161018-WA0008-200x149.jpg 200w, https:\/\/lifepinassa.eu\/wp-content\/uploads\/2016\/10\/IMG-20161018-WA0008-450x336.jpg 450w, https:\/\/lifepinassa.eu\/wp-content\/uploads\/2016\/10\/IMG-20161018-WA0008-600x448.jpg 600w, https:\/\/lifepinassa.eu\/wp-content\/uploads\/2016\/10\/IMG-20161018-WA0008-900x672.jpg 900w, https:\/\/lifepinassa.eu\/wp-content\/uploads\/2016\/10\/IMG-20161018-WA0008.jpg 1600w\" sizes=\"(max-width: 605px) 100vw, 605px\" \/><\/a><\/p>\n","protected":false},"excerpt":{"rendered":"<p>El passat 18 de d\u2019octubre va tenir lloc a Llaberia (municipi de Tivissa) la jornada Conservaci\u00f3 dels boscos de pinassa: mesures per a la prevenci\u00f3 d&#8217;incendis, \u00a0dins de les jornades t\u00e8cniques del Pla Anual de Transfer\u00e8ncia Tecnol\u00f2gica (PATT) del DARP.<span class=\"ellipsis\">&hellip;<\/span><\/p>\n<div class=\"read-more\"><a href=\"https:\/\/lifepinassa.eu\/?p=1501\">Read more &#8250;<\/a><\/div>\n<p><!-- end of .read-more --><\/p>\n","protected":false},"author":1,"featured_media":0,"comment_status":"open","ping_status":"open","sticky":false,"template":"","format":"standard","meta":{"om_disable_all_campaigns":false,"_mi_skip_tracking":false,"ngg_post_thumbnail":0},"categories":[61,53],"tags":[],"aioseo_notices":[],"_links":{"self":[{"href":"https:\/\/lifepinassa.eu\/index.php?rest_route=\/wp\/v2\/posts\/1501"}],"collection":[{"href":"https:\/\/lifepinassa.eu\/index.php?rest_route=\/wp\/v2\/posts"}],"about":[{"href":"https:\/\/lifepinassa.eu\/index.php?rest_route=\/wp\/v2\/types\/post"}],"author":[{"embeddable":true,"href":"https:\/\/lifepinassa.eu\/index.php?rest_route=\/wp\/v2\/users\/1"}],"replies":[{"embeddable":true,"href":"https:\/\/lifepinassa.eu\/index.php?rest_route=%2Fwp%2Fv2%2Fcomments&post=1501"}],"version-history":[{"count":2,"href":"https:\/\/lifepinassa.eu\/index.php?rest_route=\/wp\/v2\/posts\/1501\/revisions"}],"predecessor-version":[{"id":1506,"href":"https:\/\/lifepinassa.eu\/index.php?rest_route=\/wp\/v2\/posts\/1501\/revisions\/1506"}],"wp:attachment":[{"href":"https:\/\/lifepinassa.eu\/index.php?rest_route=%2Fwp%2Fv2%2Fmedia&parent=1501"}],"wp:term":[{"taxonomy":"category","embeddable":true,"href":"https:\/\/lifepinassa.eu\/index.php?rest_route=%2Fwp%2Fv2%2Fcategories&post=1501"},{"taxonomy":"post_tag","embeddable":true,"href":"https:\/\/lifepinassa.eu\/index.php?rest_route=%2Fwp%2Fv2%2Ftags&post=1501"}],"curies":[{"name":"wp","href":"https:\/\/api.w.org\/{rel}","templated":true}]}}