{"id":1459,"date":"2016-10-12T21:12:24","date_gmt":"2016-10-12T21:12:24","guid":{"rendered":"http:\/\/lifepinassa.eu\/?p=1459"},"modified":"2016-10-13T13:45:33","modified_gmt":"2016-10-13T13:45:33","slug":"scientific-and-technical-communications-in-sectoral-conferences-and-writing-of-articles","status":"publish","type":"post","link":"https:\/\/lifepinassa.eu\/?p=1459","title":{"rendered":"Scientific and technical communications in sectoral conferences and writing of articles"},"content":{"rendered":"<p>In 2016,\u00a0a technical communication has been drafted and published :<\/p>\n<p>&#8211; Farriol, R. et al. 2016. <em>La Muntanya d\u2019Aliny\u00e0: un exemple de planificaci\u00f3 forestal que integra gesti\u00f3 i conservaci\u00f3. <\/em>En: Tusell, J.M., Beltr\u00e1n, M. (Coords.). 2016 XXXIII Jornades T\u00e8cniques Silv\u00edcoles Emili Garolera. Consorci Forestal de Catalunya. Santa Coloma de Farners. 94 pp. ISBN: 978-84-608-8626-6<\/p>\n<p>Click on the picture below for the complete file.<\/p>\n<p><a href=\"http:\/\/lifepinassa.eu\/wp-content\/uploads\/2016\/10\/Comunicaci\u00f3-t\u00e9cnica_Alinya.pdf\"><img decoding=\"async\" loading=\"lazy\" class=\"aligncenter size-full wp-image-1479\" src=\"http:\/\/lifepinassa.eu\/wp-content\/uploads\/2016\/10\/muntanya-dalinya.png\" alt=\"muntanya d'alinya\" width=\"415\" height=\"614\" srcset=\"https:\/\/lifepinassa.eu\/wp-content\/uploads\/2016\/10\/muntanya-dalinya.png 415w, https:\/\/lifepinassa.eu\/wp-content\/uploads\/2016\/10\/muntanya-dalinya-202x300.png 202w, https:\/\/lifepinassa.eu\/wp-content\/uploads\/2016\/10\/muntanya-dalinya-100x147.png 100w, https:\/\/lifepinassa.eu\/wp-content\/uploads\/2016\/10\/muntanya-dalinya-150x221.png 150w, https:\/\/lifepinassa.eu\/wp-content\/uploads\/2016\/10\/muntanya-dalinya-200x295.png 200w, https:\/\/lifepinassa.eu\/wp-content\/uploads\/2016\/10\/muntanya-dalinya-300x443.png 300w\" sizes=\"(max-width: 415px) 100vw, 415px\" \/><\/a><\/p>\n","protected":false},"excerpt":{"rendered":"<p>In 2016,\u00a0a technical communication has been drafted and published : &#8211; Farriol, R. et al. 2016. La Muntanya d\u2019Aliny\u00e0: un exemple de planificaci\u00f3 forestal que integra gesti\u00f3 i conservaci\u00f3. En: Tusell, J.M., Beltr\u00e1n, M. (Coords.). 2016 XXXIII Jornades T\u00e8cniques Silv\u00edcoles<span class=\"ellipsis\">&hellip;<\/span><\/p>\n<div class=\"read-more\"><a href=\"https:\/\/lifepinassa.eu\/?p=1459\">Read more &#8250;<\/a><\/div>\n<p><!-- end of .read-more --><\/p>\n","protected":false},"author":1,"featured_media":0,"comment_status":"open","ping_status":"open","sticky":false,"template":"","format":"standard","meta":{"om_disable_all_campaigns":false,"_mi_skip_tracking":false,"ngg_post_thumbnail":0},"categories":[14],"tags":[],"aioseo_notices":[],"_links":{"self":[{"href":"https:\/\/lifepinassa.eu\/index.php?rest_route=\/wp\/v2\/posts\/1459"}],"collection":[{"href":"https:\/\/lifepinassa.eu\/index.php?rest_route=\/wp\/v2\/posts"}],"about":[{"href":"https:\/\/lifepinassa.eu\/index.php?rest_route=\/wp\/v2\/types\/post"}],"author":[{"embeddable":true,"href":"https:\/\/lifepinassa.eu\/index.php?rest_route=\/wp\/v2\/users\/1"}],"replies":[{"embeddable":true,"href":"https:\/\/lifepinassa.eu\/index.php?rest_route=%2Fwp%2Fv2%2Fcomments&post=1459"}],"version-history":[{"count":3,"href":"https:\/\/lifepinassa.eu\/index.php?rest_route=\/wp\/v2\/posts\/1459\/revisions"}],"predecessor-version":[{"id":1484,"href":"https:\/\/lifepinassa.eu\/index.php?rest_route=\/wp\/v2\/posts\/1459\/revisions\/1484"}],"wp:attachment":[{"href":"https:\/\/lifepinassa.eu\/index.php?rest_route=%2Fwp%2Fv2%2Fmedia&parent=1459"}],"wp:term":[{"taxonomy":"category","embeddable":true,"href":"https:\/\/lifepinassa.eu\/index.php?rest_route=%2Fwp%2Fv2%2Fcategories&post=1459"},{"taxonomy":"post_tag","embeddable":true,"href":"https:\/\/lifepinassa.eu\/index.php?rest_route=%2Fwp%2Fv2%2Ftags&post=1459"}],"curies":[{"name":"wp","href":"https:\/\/api.w.org\/{rel}","templated":true}]}}