{"id":1456,"date":"2016-10-12T21:11:10","date_gmt":"2016-10-12T21:11:10","guid":{"rendered":"http:\/\/lifepinassa.eu\/?p=1456"},"modified":"2016-10-13T13:40:34","modified_gmt":"2016-10-13T13:40:34","slug":"comunicacions-cientifiques-i-tecniques-en-jornades-i-congressos-sectorials-i-redaccio-darticles","status":"publish","type":"post","link":"https:\/\/lifepinassa.eu\/?p=1456","title":{"rendered":"Comunicacions cient\u00edfiques i t\u00e8cniques en jornades i congressos sectorials i redacci\u00f3 d&#8217;articles"},"content":{"rendered":"<p>Al 2016, s&#8217;ha redactat i editat una comunicaci\u00f3 t\u00e8cnica:<\/p>\n<p>&#8211; Farriol, R. et al. 2016. <em>La Muntanya d\u2019Aliny\u00e0: un exemple de planificaci\u00f3 forestal que integra gesti\u00f3 i conservaci\u00f3. <\/em>En: Tusell, J.M., Beltr\u00e1n, M. (Coords.). 2016 XXXIII Jornades T\u00e8cniques Silv\u00edcoles Emili Garolera. Consorci Forestal de Catalunya. Santa Coloma de Farners. 94 pp. ISBN: 978-84-608-8626-6<\/p>\n<p>Es pot consultar clicant sobre la imatge.<\/p>\n<p><a href=\"http:\/\/lifepinassa.eu\/wp-content\/uploads\/2016\/10\/Comunicaci\u00f3-t\u00e9cnica_Alinya.pdf\"><img decoding=\"async\" loading=\"lazy\" class=\"aligncenter size-full wp-image-1479\" src=\"http:\/\/lifepinassa.eu\/wp-content\/uploads\/2016\/10\/muntanya-dalinya.png\" alt=\"muntanya d'alinya\" width=\"415\" height=\"614\" srcset=\"https:\/\/lifepinassa.eu\/wp-content\/uploads\/2016\/10\/muntanya-dalinya.png 415w, https:\/\/lifepinassa.eu\/wp-content\/uploads\/2016\/10\/muntanya-dalinya-202x300.png 202w, https:\/\/lifepinassa.eu\/wp-content\/uploads\/2016\/10\/muntanya-dalinya-100x147.png 100w, https:\/\/lifepinassa.eu\/wp-content\/uploads\/2016\/10\/muntanya-dalinya-150x221.png 150w, https:\/\/lifepinassa.eu\/wp-content\/uploads\/2016\/10\/muntanya-dalinya-200x295.png 200w, https:\/\/lifepinassa.eu\/wp-content\/uploads\/2016\/10\/muntanya-dalinya-300x443.png 300w\" sizes=\"(max-width: 415px) 100vw, 415px\" \/><\/a><\/p>\n","protected":false},"excerpt":{"rendered":"<p>Al 2016, s&#8217;ha redactat i editat una comunicaci\u00f3 t\u00e8cnica: &#8211; Farriol, R. et al. 2016. La Muntanya d\u2019Aliny\u00e0: un exemple de planificaci\u00f3 forestal que integra gesti\u00f3 i conservaci\u00f3. En: Tusell, J.M., Beltr\u00e1n, M. (Coords.). 2016 XXXIII Jornades T\u00e8cniques Silv\u00edcoles Emili<span class=\"ellipsis\">&hellip;<\/span><\/p>\n<div class=\"read-more\"><a href=\"https:\/\/lifepinassa.eu\/?p=1456\">Read more &#8250;<\/a><\/div>\n<p><!-- end of .read-more --><\/p>\n","protected":false},"author":1,"featured_media":0,"comment_status":"open","ping_status":"open","sticky":false,"template":"","format":"standard","meta":{"om_disable_all_campaigns":false,"_mi_skip_tracking":false,"ngg_post_thumbnail":0},"categories":[10],"tags":[],"aioseo_notices":[],"_links":{"self":[{"href":"https:\/\/lifepinassa.eu\/index.php?rest_route=\/wp\/v2\/posts\/1456"}],"collection":[{"href":"https:\/\/lifepinassa.eu\/index.php?rest_route=\/wp\/v2\/posts"}],"about":[{"href":"https:\/\/lifepinassa.eu\/index.php?rest_route=\/wp\/v2\/types\/post"}],"author":[{"embeddable":true,"href":"https:\/\/lifepinassa.eu\/index.php?rest_route=\/wp\/v2\/users\/1"}],"replies":[{"embeddable":true,"href":"https:\/\/lifepinassa.eu\/index.php?rest_route=%2Fwp%2Fv2%2Fcomments&post=1456"}],"version-history":[{"count":3,"href":"https:\/\/lifepinassa.eu\/index.php?rest_route=\/wp\/v2\/posts\/1456\/revisions"}],"predecessor-version":[{"id":1480,"href":"https:\/\/lifepinassa.eu\/index.php?rest_route=\/wp\/v2\/posts\/1456\/revisions\/1480"}],"wp:attachment":[{"href":"https:\/\/lifepinassa.eu\/index.php?rest_route=%2Fwp%2Fv2%2Fmedia&parent=1456"}],"wp:term":[{"taxonomy":"category","embeddable":true,"href":"https:\/\/lifepinassa.eu\/index.php?rest_route=%2Fwp%2Fv2%2Fcategories&post=1456"},{"taxonomy":"post_tag","embeddable":true,"href":"https:\/\/lifepinassa.eu\/index.php?rest_route=%2Fwp%2Fv2%2Ftags&post=1456"}],"curies":[{"name":"wp","href":"https:\/\/api.w.org\/{rel}","templated":true}]}}