{"id":1444,"date":"2016-10-12T20:39:37","date_gmt":"2016-10-12T20:39:37","guid":{"rendered":"http:\/\/lifepinassa.eu\/?p=1444"},"modified":"2016-10-12T20:39:37","modified_gmt":"2016-10-12T20:39:37","slug":"visites-guiades-aules-i-jornades-de-transferencia-i-edicio-de-material-divulgatiu-de-petit-format","status":"publish","type":"post","link":"https:\/\/lifepinassa.eu\/?p=1444","title":{"rendered":"Visites guiades, aules i jornades de transfer\u00e8ncia i edici\u00f3 de material divulgatiu de petit format"},"content":{"rendered":"<p>Amb l&#8217;objectiu de donar a con\u00e8ixer el projecte i les accions espec\u00edfiques a implementar es va maquetar i editar un d\u00edptic amb 500 exemplars (en catal\u00e0). En format digital s&#8217;ha tradu\u00eft i maquetat el d\u00edptic en castell\u00e0 i en angl\u00e8s.<\/p>\n<p>En el marc de les XXXIII Jornades T\u00e8cniques silv\u00edcoles Emili Garolera, que es van desenvolupar entre el 8 d&#8217;abril i el 27 de maig de 2016, el Centre de la Propietat Forestal va participar en dues d&#8217;elles donant a con\u00e8ixer el projecte LIFE + PINASSA\u00a0(figures 1 i 2):<\/p>\n<p>1)<em> Jornada IV: La Muntanya d&#8217;Aliny\u00e0: un exemple de planificaci\u00f3 forestal que integra gesti\u00f3 i conservaci\u00f3.<\/em> El dia 29 d&#8217;abril, una trentena de t\u00e8cnics i propietaris forestals van assistir a la jornada en qu\u00e8 es va poder visitar una de les actuacions corresponents a l&#8217;acci\u00f3 C4, concretament el rodal C4.01. Durant la visita es va poder discutir \u00e0mpliament sobre l&#8217;aplicaci\u00f3 dels models ORGEST per masses irregulars per boscanys\u00a0i sobre la viabilitat de l&#8217;aplicaci\u00f3 de mesures de conservaci\u00f3 de la biodiversitat.<\/p>\n<p>2) <em>Jornada V: Del manual al rodal: Adaptaci\u00f3 als models ORGEST d&#8217;un bosc de pinassa amb boix sota diferents objectius de gesti\u00f3. Control del boix i tractament de les restes de tallada amb foc.<\/em> Durant el transcurs d&#8217;aquesta jornada es va visitar una de les actuacions relatives a l&#8217;acci\u00f3 C6 en qu\u00e8 es va poder evidenciar la millora de la vulnerabilitat al foc d&#8217;aquesta massa despr\u00e9s de l&#8217;aplicaci\u00f3 del tractament establert en el projecte LIFE + PINASSA. Aquesta jornada es va realitzar el 6 de maig i va comptar amb l&#8217;assist\u00e8ncia d&#8217;unes 40 persones (t\u00e8cnics, estudiants i propietaris forestals).<\/p>\n<p><a href=\"http:\/\/lifepinassa.eu\/wp-content\/uploads\/2014\/11\/pinassa8.png\"><img decoding=\"async\" loading=\"lazy\" class=\"alignleft wp-image-1369 size-medium\" src=\"http:\/\/lifepinassa.eu\/wp-content\/uploads\/2014\/11\/pinassa9-224x300.png\" alt=\"pinassa9\" width=\"224\" height=\"300\" srcset=\"https:\/\/lifepinassa.eu\/wp-content\/uploads\/2014\/11\/pinassa9-224x300.png 224w, https:\/\/lifepinassa.eu\/wp-content\/uploads\/2014\/11\/pinassa9-100x133.png 100w, https:\/\/lifepinassa.eu\/wp-content\/uploads\/2014\/11\/pinassa9-150x200.png 150w, https:\/\/lifepinassa.eu\/wp-content\/uploads\/2014\/11\/pinassa9-200x267.png 200w, https:\/\/lifepinassa.eu\/wp-content\/uploads\/2014\/11\/pinassa9-300x401.png 300w, https:\/\/lifepinassa.eu\/wp-content\/uploads\/2014\/11\/pinassa9.png 368w\" sizes=\"(max-width: 224px) 100vw, 224px\" \/><\/a><\/p>\n<p><a href=\"http:\/\/lifepinassa.eu\/wp-content\/uploads\/2014\/11\/pinassa8.png\">\u00a0<\/a><\/p>\n<p>&nbsp;<\/p>\n<p>&nbsp;<\/p>\n<p><img decoding=\"async\" loading=\"lazy\" class=\"alignleft wp-image-1368 size-medium\" src=\"http:\/\/lifepinassa.eu\/wp-content\/uploads\/2014\/11\/pinassa8-300x179.png\" alt=\"pinassa8\" width=\"300\" height=\"179\" srcset=\"https:\/\/lifepinassa.eu\/wp-content\/uploads\/2014\/11\/pinassa8-300x179.png 300w, https:\/\/lifepinassa.eu\/wp-content\/uploads\/2014\/11\/pinassa8-100x59.png 100w, https:\/\/lifepinassa.eu\/wp-content\/uploads\/2014\/11\/pinassa8-150x89.png 150w, https:\/\/lifepinassa.eu\/wp-content\/uploads\/2014\/11\/pinassa8-200x119.png 200w, https:\/\/lifepinassa.eu\/wp-content\/uploads\/2014\/11\/pinassa8-450x269.png 450w, https:\/\/lifepinassa.eu\/wp-content\/uploads\/2014\/11\/pinassa8-600x359.png 600w, https:\/\/lifepinassa.eu\/wp-content\/uploads\/2014\/11\/pinassa8.png 828w\" sizes=\"(max-width: 300px) 100vw, 300px\" \/><\/p>\n<p>&nbsp;<\/p>\n<p>&nbsp;<\/p>\n<p>&nbsp;<\/p>\n<p>&nbsp;<\/p>\n<p>&nbsp;<\/p>\n<p>&nbsp;<\/p>\n<p>Figures 1 y 2. Jornades IV i V del 29\/04\/2016 (visita Acci\u00f3 C4) y 6\/05\/2016 (visita Acci\u00f3 C6 )<\/p>\n","protected":false},"excerpt":{"rendered":"<p>Amb l&#8217;objectiu de donar a con\u00e8ixer el projecte i les accions espec\u00edfiques a implementar es va maquetar i editar un d\u00edptic amb 500 exemplars (en catal\u00e0). En format digital s&#8217;ha tradu\u00eft i maquetat el d\u00edptic en castell\u00e0 i en angl\u00e8s.<span class=\"ellipsis\">&hellip;<\/span><\/p>\n<div class=\"read-more\"><a href=\"https:\/\/lifepinassa.eu\/?p=1444\">Read more &#8250;<\/a><\/div>\n<p><!-- end of .read-more --><\/p>\n","protected":false},"author":1,"featured_media":0,"comment_status":"open","ping_status":"open","sticky":false,"template":"","format":"standard","meta":{"om_disable_all_campaigns":false,"_mi_skip_tracking":false,"ngg_post_thumbnail":0},"categories":[10],"tags":[],"aioseo_notices":[],"_links":{"self":[{"href":"https:\/\/lifepinassa.eu\/index.php?rest_route=\/wp\/v2\/posts\/1444"}],"collection":[{"href":"https:\/\/lifepinassa.eu\/index.php?rest_route=\/wp\/v2\/posts"}],"about":[{"href":"https:\/\/lifepinassa.eu\/index.php?rest_route=\/wp\/v2\/types\/post"}],"author":[{"embeddable":true,"href":"https:\/\/lifepinassa.eu\/index.php?rest_route=\/wp\/v2\/users\/1"}],"replies":[{"embeddable":true,"href":"https:\/\/lifepinassa.eu\/index.php?rest_route=%2Fwp%2Fv2%2Fcomments&post=1444"}],"version-history":[{"count":2,"href":"https:\/\/lifepinassa.eu\/index.php?rest_route=\/wp\/v2\/posts\/1444\/revisions"}],"predecessor-version":[{"id":1446,"href":"https:\/\/lifepinassa.eu\/index.php?rest_route=\/wp\/v2\/posts\/1444\/revisions\/1446"}],"wp:attachment":[{"href":"https:\/\/lifepinassa.eu\/index.php?rest_route=%2Fwp%2Fv2%2Fmedia&parent=1444"}],"wp:term":[{"taxonomy":"category","embeddable":true,"href":"https:\/\/lifepinassa.eu\/index.php?rest_route=%2Fwp%2Fv2%2Fcategories&post=1444"},{"taxonomy":"post_tag","embeddable":true,"href":"https:\/\/lifepinassa.eu\/index.php?rest_route=%2Fwp%2Fv2%2Ftags&post=1444"}],"curies":[{"name":"wp","href":"https:\/\/api.w.org\/{rel}","templated":true}]}}