{"id":1438,"date":"2016-10-12T20:33:46","date_gmt":"2016-10-12T20:33:46","guid":{"rendered":"http:\/\/lifepinassa.eu\/?p=1438"},"modified":"2016-10-12T20:34:57","modified_gmt":"2016-10-12T20:34:57","slug":"visitas-guiadas-aulas-y-jornadas-de-transferencia-y-edicion-de-material-divulgativo-de-pequeno-formato","status":"publish","type":"post","link":"https:\/\/lifepinassa.eu\/?p=1438","title":{"rendered":"Visitas guiadas, aulas y jornadas de transferencia y edici\u00f3n de material divulgativo de peque\u00f1o formato"},"content":{"rendered":"<p>Con el objetivo de dar a conocer el proyecto y las acciones espec\u00edficas a implementar se maquet\u00f3 y edit\u00f3 un d\u00edptico con 500 ejemplares (en catal\u00e1n). En formato digital se ha traducido y maquetado el d\u00edptico en castellano y en ingl\u00e9s.<\/p>\n<p>En el marco de las XXXIII Jornades T\u00e8cniques Silv\u00edcoles Emili Garolera, que se desarrollaron entre el 8 de abril y el 27 de mayo de 2016, el Centre de la Propietat Forestal particip\u00f3 en dos de ellas dando a conocer el proyecto LIFE+PINASSA (Figuras 1 y 2):<\/p>\n<p><em>1) Jornada IV: La Monta\u00f1a d\u2019Aliny\u00e0: un ejemplo de planificaci\u00f3n forestal que integra gesti\u00f3n y conservaci\u00f3n. <\/em>El d\u00eda 29 de abril, una treintena de t\u00e9cnicos y propietarios forestales asistieron a la jornada en la que se pudo visitar una de las actuaciones correspondientes a la acci\u00f3n C4, concretamente el rodal C4.01. Durante la visita se pudo discutir ampliamente sobre la aplicaci\u00f3n de los modelos ORGEST para masas irregulares por bosquetes y sobre la viabilidad de la aplicaci\u00f3n de medidas de conservaci\u00f3n de la biodiversidad.<\/p>\n<p>2) <em>Jornada V: Del manual al rodal: Adaptaci\u00f3n a los modelos ORGEST de un bosque de pino laricio con boj bajo diferentes objetivos de gesti\u00f3n. Control del boj y tratamiento de los restos de corta con fuego<\/em>. Durante el transcurso de esta jornada se visit\u00f3 una de las actuaciones relativas a la acci\u00f3n C6 en que se pudo evidenciar la mejora de en la vulnerabilidad al fuego de dicha masa tras la aplicaci\u00f3n del tratamiento establecido en el proyecto LIFE+PINASSA. Esta jornada se realiz\u00f3 el 6 de mayo y cont\u00f3 con la asistencia de unas 40 personas (t\u00e9cnicos, estudiantes y propietarios forestales).<\/p>\n<p>&nbsp;<\/p>\n<p><a href=\"http:\/\/lifepinassa.eu\/wp-content\/uploads\/2014\/11\/pinassa8.png\"><img decoding=\"async\" loading=\"lazy\" class=\"alignleft wp-image-1369 size-medium\" src=\"http:\/\/lifepinassa.eu\/wp-content\/uploads\/2014\/11\/pinassa9-224x300.png\" alt=\"pinassa9\" width=\"224\" height=\"300\" srcset=\"https:\/\/lifepinassa.eu\/wp-content\/uploads\/2014\/11\/pinassa9-224x300.png 224w, https:\/\/lifepinassa.eu\/wp-content\/uploads\/2014\/11\/pinassa9-100x133.png 100w, https:\/\/lifepinassa.eu\/wp-content\/uploads\/2014\/11\/pinassa9-150x200.png 150w, https:\/\/lifepinassa.eu\/wp-content\/uploads\/2014\/11\/pinassa9-200x267.png 200w, https:\/\/lifepinassa.eu\/wp-content\/uploads\/2014\/11\/pinassa9-300x401.png 300w, https:\/\/lifepinassa.eu\/wp-content\/uploads\/2014\/11\/pinassa9.png 368w\" sizes=\"(max-width: 224px) 100vw, 224px\" \/><br \/>\n<\/a><\/p>\n<p>&nbsp;<\/p>\n<p>&nbsp;<\/p>\n<p><img decoding=\"async\" loading=\"lazy\" class=\"alignleft wp-image-1368 size-medium\" src=\"http:\/\/lifepinassa.eu\/wp-content\/uploads\/2014\/11\/pinassa8-300x179.png\" alt=\"pinassa8\" width=\"300\" height=\"179\" srcset=\"https:\/\/lifepinassa.eu\/wp-content\/uploads\/2014\/11\/pinassa8-300x179.png 300w, https:\/\/lifepinassa.eu\/wp-content\/uploads\/2014\/11\/pinassa8-100x59.png 100w, https:\/\/lifepinassa.eu\/wp-content\/uploads\/2014\/11\/pinassa8-150x89.png 150w, https:\/\/lifepinassa.eu\/wp-content\/uploads\/2014\/11\/pinassa8-200x119.png 200w, https:\/\/lifepinassa.eu\/wp-content\/uploads\/2014\/11\/pinassa8-450x269.png 450w, https:\/\/lifepinassa.eu\/wp-content\/uploads\/2014\/11\/pinassa8-600x359.png 600w, https:\/\/lifepinassa.eu\/wp-content\/uploads\/2014\/11\/pinassa8.png 828w\" sizes=\"(max-width: 300px) 100vw, 300px\" \/><\/p>\n<p>&nbsp;<\/p>\n<p>&nbsp;<\/p>\n<p>&nbsp;<\/p>\n<p>&nbsp;<\/p>\n<p>&nbsp;<\/p>\n<p>&nbsp;<\/p>\n<p>Figuras 1 y 2. Jornadas IV y V del 29\/04\/2016 (visita Acci\u00f3n C4) y 6\/05\/2016 (visita Acci\u00f3n C6 )<\/p>\n","protected":false},"excerpt":{"rendered":"<p>Con el objetivo de dar a conocer el proyecto y las acciones espec\u00edficas a implementar se maquet\u00f3 y edit\u00f3 un d\u00edptico con 500 ejemplares (en catal\u00e1n). En formato digital se ha traducido y maquetado el d\u00edptico en castellano y en<span class=\"ellipsis\">&hellip;<\/span><\/p>\n<div class=\"read-more\"><a href=\"https:\/\/lifepinassa.eu\/?p=1438\">Read more &#8250;<\/a><\/div>\n<p><!-- end of .read-more --><\/p>\n","protected":false},"author":1,"featured_media":0,"comment_status":"open","ping_status":"open","sticky":false,"template":"","format":"standard","meta":{"om_disable_all_campaigns":false,"_mi_skip_tracking":false,"ngg_post_thumbnail":0},"categories":[1],"tags":[],"aioseo_notices":[],"_links":{"self":[{"href":"https:\/\/lifepinassa.eu\/index.php?rest_route=\/wp\/v2\/posts\/1438"}],"collection":[{"href":"https:\/\/lifepinassa.eu\/index.php?rest_route=\/wp\/v2\/posts"}],"about":[{"href":"https:\/\/lifepinassa.eu\/index.php?rest_route=\/wp\/v2\/types\/post"}],"author":[{"embeddable":true,"href":"https:\/\/lifepinassa.eu\/index.php?rest_route=\/wp\/v2\/users\/1"}],"replies":[{"embeddable":true,"href":"https:\/\/lifepinassa.eu\/index.php?rest_route=%2Fwp%2Fv2%2Fcomments&post=1438"}],"version-history":[{"count":5,"href":"https:\/\/lifepinassa.eu\/index.php?rest_route=\/wp\/v2\/posts\/1438\/revisions"}],"predecessor-version":[{"id":1443,"href":"https:\/\/lifepinassa.eu\/index.php?rest_route=\/wp\/v2\/posts\/1438\/revisions\/1443"}],"wp:attachment":[{"href":"https:\/\/lifepinassa.eu\/index.php?rest_route=%2Fwp%2Fv2%2Fmedia&parent=1438"}],"wp:term":[{"taxonomy":"category","embeddable":true,"href":"https:\/\/lifepinassa.eu\/index.php?rest_route=%2Fwp%2Fv2%2Fcategories&post=1438"},{"taxonomy":"post_tag","embeddable":true,"href":"https:\/\/lifepinassa.eu\/index.php?rest_route=%2Fwp%2Fv2%2Ftags&post=1438"}],"curies":[{"name":"wp","href":"https:\/\/api.w.org\/{rel}","templated":true}]}}