{"id":1323,"date":"2016-09-13T08:31:38","date_gmt":"2016-09-13T08:31:38","guid":{"rendered":"http:\/\/lifepinassa.eu\/?p=1323"},"modified":"2016-09-13T08:31:38","modified_gmt":"2016-09-13T08:31:38","slug":"fuegos-para-apagar-fuegos-reportaje-sobre-life-pinassa-en-la-prensa-nacional","status":"publish","type":"post","link":"https:\/\/lifepinassa.eu\/?p=1323","title":{"rendered":"&#8220;Fuegos para apagar fuegos&#8221;, reportaje sobre LIFE Pinassa en la prensa nacional"},"content":{"rendered":"<p>El Peri\u00f3dico dedica el reportaje &#8220;Fuegos para apagar fuegos&#8221; a las mejoras en la gesti\u00f3n forestal incentivadas por el proyecto LIFE Pinassa.<\/p>\n<p>El reportaje se public\u00f3 el 3 de septiembre por <a href=\"http:\/\/www.twitter.com\/ToniMadridejos\">Toni Madridejos.<\/a><\/p>\n<p>Se puede consultar en el siguiente <a href=\"http:\/\/www.elperiodico.com\/es\/noticias\/medio-ambiente\/fuegos-para-apagar-fuegos-bosques-catalanes-pino-salgareno-5358146\">enlace<\/a>.<\/p>\n<p><a href=\"http:\/\/www.elperiodico.com\/es\/noticias\/medio-ambiente\/fuegos-para-apagar-fuegos-bosques-catalanes-pino-salgareno-5358146\"><img decoding=\"async\" loading=\"lazy\" class=\"aligncenter size-full wp-image-1324\" src=\"http:\/\/lifepinassa.eu\/wp-content\/uploads\/2016\/09\/pinassa-al-periodico.png\" alt=\"pinassa al periodico\" width=\"680\" height=\"845\" srcset=\"https:\/\/lifepinassa.eu\/wp-content\/uploads\/2016\/09\/pinassa-al-periodico.png 680w, https:\/\/lifepinassa.eu\/wp-content\/uploads\/2016\/09\/pinassa-al-periodico-241x300.png 241w, https:\/\/lifepinassa.eu\/wp-content\/uploads\/2016\/09\/pinassa-al-periodico-100x124.png 100w, https:\/\/lifepinassa.eu\/wp-content\/uploads\/2016\/09\/pinassa-al-periodico-150x186.png 150w, https:\/\/lifepinassa.eu\/wp-content\/uploads\/2016\/09\/pinassa-al-periodico-200x248.png 200w, https:\/\/lifepinassa.eu\/wp-content\/uploads\/2016\/09\/pinassa-al-periodico-300x372.png 300w, https:\/\/lifepinassa.eu\/wp-content\/uploads\/2016\/09\/pinassa-al-periodico-450x559.png 450w, https:\/\/lifepinassa.eu\/wp-content\/uploads\/2016\/09\/pinassa-al-periodico-600x745.png 600w\" sizes=\"(max-width: 680px) 100vw, 680px\" \/><\/a><\/p>\n","protected":false},"excerpt":{"rendered":"<p>El Peri\u00f3dico dedica el reportaje &#8220;Fuegos para apagar fuegos&#8221; a las mejoras en la gesti\u00f3n forestal incentivadas por el proyecto LIFE Pinassa. El reportaje se public\u00f3 el 3 de septiembre por Toni Madridejos. Se puede consultar en el siguiente enlace.<\/p>\n","protected":false},"author":1,"featured_media":0,"comment_status":"open","ping_status":"open","sticky":false,"template":"","format":"standard","meta":{"om_disable_all_campaigns":false,"_mi_skip_tracking":false,"ngg_post_thumbnail":0},"categories":[3],"tags":[],"aioseo_notices":[],"_links":{"self":[{"href":"https:\/\/lifepinassa.eu\/index.php?rest_route=\/wp\/v2\/posts\/1323"}],"collection":[{"href":"https:\/\/lifepinassa.eu\/index.php?rest_route=\/wp\/v2\/posts"}],"about":[{"href":"https:\/\/lifepinassa.eu\/index.php?rest_route=\/wp\/v2\/types\/post"}],"author":[{"embeddable":true,"href":"https:\/\/lifepinassa.eu\/index.php?rest_route=\/wp\/v2\/users\/1"}],"replies":[{"embeddable":true,"href":"https:\/\/lifepinassa.eu\/index.php?rest_route=%2Fwp%2Fv2%2Fcomments&post=1323"}],"version-history":[{"count":1,"href":"https:\/\/lifepinassa.eu\/index.php?rest_route=\/wp\/v2\/posts\/1323\/revisions"}],"predecessor-version":[{"id":1325,"href":"https:\/\/lifepinassa.eu\/index.php?rest_route=\/wp\/v2\/posts\/1323\/revisions\/1325"}],"wp:attachment":[{"href":"https:\/\/lifepinassa.eu\/index.php?rest_route=%2Fwp%2Fv2%2Fmedia&parent=1323"}],"wp:term":[{"taxonomy":"category","embeddable":true,"href":"https:\/\/lifepinassa.eu\/index.php?rest_route=%2Fwp%2Fv2%2Fcategories&post=1323"},{"taxonomy":"post_tag","embeddable":true,"href":"https:\/\/lifepinassa.eu\/index.php?rest_route=%2Fwp%2Fv2%2Ftags&post=1323"}],"curies":[{"name":"wp","href":"https:\/\/api.w.org\/{rel}","templated":true}]}}