{"id":1079,"date":"2016-05-04T12:05:55","date_gmt":"2016-05-04T12:05:55","guid":{"rendered":"http:\/\/lifepinassa.eu\/?p=1079"},"modified":"2016-05-05T11:43:54","modified_gmt":"2016-05-05T11:43:54","slug":"realitzacio-de-tractaments-per-a-la-prevencio-dincendis-accio-c6-del-projecte-life-pinassa","status":"publish","type":"post","link":"https:\/\/lifepinassa.eu\/?p=1079","title":{"rendered":"Realitzaci\u00f3 de tractaments per a la prevenci\u00f3 d\u00b4incendis (Acci\u00f3 C6 del projecte Life Pinassa)"},"content":{"rendered":"<p>Durant els mesos de\u00a0<strong>mar\u00e7 i abril del 2016\u00a0<\/strong>s\u2019han realitzat els <strong>tractaments mec\u00e0nics de l\u2019acci\u00f3 C6<\/strong> (aquest acci\u00f3 compr\u00e8n dos tipus de tractaments: mec\u00e0nics i amb cremes prescrites),en els dos \u00e0mbits de distribuci\u00f3 de la pinassa, l\u2019\u00e0mbit Prepirinenc i central i l\u2019\u00e0mbit Meridional. Els rodals d\u2019actuaci\u00f3 s\u2019ubiquen a les <strong>finques de T<\/strong><strong>orre de Merl\u00ed\u00a0<\/strong>(ZEC Serres de Queralt i els Tossals-Aigua d\u2019Ora, municipi de Nav\u00e8s, Solson\u00e8s), <strong>Secanella<\/strong>(ZEC Obagues riera de Madrona, municipi de Llobera, Solson\u00e8s) i ala <strong>Vall de Massanes<\/strong> (ZEC Tivissa-Vandell\u00f2s-Llaberia,municipi de Colldejou, Baix Camp).<\/p>\n<p>Els tractaments, que es basen en els models de gesti\u00f3 ORGEST,tenen com a <strong>objectiu reduir la c\u00e0rrega de combustible<\/strong> viu dels estrats inferiors de vegetaci\u00f3;\u00a0<strong>augmentar la dist\u00e0ncia entre les cap\u00e7ades i els estrats inferiors per dificultar que el foc propagui<\/strong> de cap\u00e7ades; i, per \u00faltim, dosificar la compet\u00e8ncia entre estrats i dins de cada estrat per <strong>promoure estructures m\u00e9s resistents a l\u2019estr\u00e8s h\u00eddric<\/strong> i per tant menys vulnerables a la sequera.<\/p>\n<p><strong>Properament es realitzaran els mostrejos post tractament per tal de poder avaluar els efectes de les actuacions en el comportament del foc<\/strong>. Els mostrejos consisteixen en caracteritzar el combustible, tant de superf\u00edcie com l\u2019arbori, amb inventaris dasom\u00e8trics i mostrejos destructius del combustible de superf\u00edcie, tal i com es va realitzar pr\u00e8viament abans de les actuacions.<\/p>\n<p>&nbsp;<\/p>\n<div id=\"attachment_1084\" style=\"width: 615px\" class=\"wp-caption aligncenter\"><a href=\"http:\/\/lifepinassa.eu\/wp-content\/uploads\/2016\/05\/1-Marcatge-a-les-zones-a-tractar.jpg\"><img aria-describedby=\"caption-attachment-1084\" decoding=\"async\" loading=\"lazy\" class=\"size-large wp-image-1084\" src=\"http:\/\/lifepinassa.eu\/wp-content\/uploads\/2016\/05\/1-Marcatge-a-les-zones-a-tractar-1024x764.jpg\" alt=\"Marcatge a les zones a tractar\" width=\"605\" height=\"451\" srcset=\"https:\/\/lifepinassa.eu\/wp-content\/uploads\/2016\/05\/1-Marcatge-a-les-zones-a-tractar-1024x764.jpg 1024w, https:\/\/lifepinassa.eu\/wp-content\/uploads\/2016\/05\/1-Marcatge-a-les-zones-a-tractar-300x224.jpg 300w, https:\/\/lifepinassa.eu\/wp-content\/uploads\/2016\/05\/1-Marcatge-a-les-zones-a-tractar-100x74.jpg 100w, https:\/\/lifepinassa.eu\/wp-content\/uploads\/2016\/05\/1-Marcatge-a-les-zones-a-tractar-150x112.jpg 150w, https:\/\/lifepinassa.eu\/wp-content\/uploads\/2016\/05\/1-Marcatge-a-les-zones-a-tractar-200x149.jpg 200w, https:\/\/lifepinassa.eu\/wp-content\/uploads\/2016\/05\/1-Marcatge-a-les-zones-a-tractar-450x336.jpg 450w, https:\/\/lifepinassa.eu\/wp-content\/uploads\/2016\/05\/1-Marcatge-a-les-zones-a-tractar-600x448.jpg 600w, https:\/\/lifepinassa.eu\/wp-content\/uploads\/2016\/05\/1-Marcatge-a-les-zones-a-tractar-900x672.jpg 900w\" sizes=\"(max-width: 605px) 100vw, 605px\" \/><\/a><p id=\"caption-attachment-1084\" class=\"wp-caption-text\">Marcatge a les zones a tractar<\/p><\/div>\n<div id=\"attachment_1085\" style=\"width: 615px\" class=\"wp-caption aligncenter\"><a href=\"http:\/\/lifepinassa.eu\/wp-content\/uploads\/2016\/05\/2-Realitzaci\u00f3-dels-treballs-d\u2019estessada-a-la-Vall-de-Massanes.jpg\"><img aria-describedby=\"caption-attachment-1085\" decoding=\"async\" loading=\"lazy\" class=\"size-large wp-image-1085\" src=\"http:\/\/lifepinassa.eu\/wp-content\/uploads\/2016\/05\/2-Realitzaci\u00f3-dels-treballs-d\u2019estessada-a-la-Vall-de-Massanes-1024x764.jpg\" alt=\"Realitzaci\u00f3 dels treballs d\u2019estessada a la Vall de Massanes\" width=\"605\" height=\"451\" srcset=\"https:\/\/lifepinassa.eu\/wp-content\/uploads\/2016\/05\/2-Realitzaci\u00f3-dels-treballs-d\u2019estessada-a-la-Vall-de-Massanes-1024x764.jpg 1024w, https:\/\/lifepinassa.eu\/wp-content\/uploads\/2016\/05\/2-Realitzaci\u00f3-dels-treballs-d\u2019estessada-a-la-Vall-de-Massanes-300x224.jpg 300w, https:\/\/lifepinassa.eu\/wp-content\/uploads\/2016\/05\/2-Realitzaci\u00f3-dels-treballs-d\u2019estessada-a-la-Vall-de-Massanes-100x74.jpg 100w, https:\/\/lifepinassa.eu\/wp-content\/uploads\/2016\/05\/2-Realitzaci\u00f3-dels-treballs-d\u2019estessada-a-la-Vall-de-Massanes-150x112.jpg 150w, https:\/\/lifepinassa.eu\/wp-content\/uploads\/2016\/05\/2-Realitzaci\u00f3-dels-treballs-d\u2019estessada-a-la-Vall-de-Massanes-200x149.jpg 200w, https:\/\/lifepinassa.eu\/wp-content\/uploads\/2016\/05\/2-Realitzaci\u00f3-dels-treballs-d\u2019estessada-a-la-Vall-de-Massanes-450x336.jpg 450w, https:\/\/lifepinassa.eu\/wp-content\/uploads\/2016\/05\/2-Realitzaci\u00f3-dels-treballs-d\u2019estessada-a-la-Vall-de-Massanes-600x448.jpg 600w, https:\/\/lifepinassa.eu\/wp-content\/uploads\/2016\/05\/2-Realitzaci\u00f3-dels-treballs-d\u2019estessada-a-la-Vall-de-Massanes-900x672.jpg 900w\" sizes=\"(max-width: 605px) 100vw, 605px\" \/><\/a><p id=\"caption-attachment-1085\" class=\"wp-caption-text\">Realitzaci\u00f3 dels treballs d\u2019estessada a la Vall de Massanes<\/p><\/div>\n<div id=\"attachment_1087\" style=\"width: 615px\" class=\"wp-caption aligncenter\"><a href=\"http:\/\/lifepinassa.eu\/wp-content\/uploads\/2016\/05\/3-Zona-tractada-a-la-Vall-de-Massanes.jpg\"><img aria-describedby=\"caption-attachment-1087\" decoding=\"async\" loading=\"lazy\" class=\"size-large wp-image-1087\" src=\"http:\/\/lifepinassa.eu\/wp-content\/uploads\/2016\/05\/3-Zona-tractada-a-la-Vall-de-Massanes-1024x680.jpg\" alt=\"Zona tractada a la Vall de Massanes\" width=\"605\" height=\"401\" srcset=\"https:\/\/lifepinassa.eu\/wp-content\/uploads\/2016\/05\/3-Zona-tractada-a-la-Vall-de-Massanes-1024x680.jpg 1024w, https:\/\/lifepinassa.eu\/wp-content\/uploads\/2016\/05\/3-Zona-tractada-a-la-Vall-de-Massanes-300x199.jpg 300w, https:\/\/lifepinassa.eu\/wp-content\/uploads\/2016\/05\/3-Zona-tractada-a-la-Vall-de-Massanes-100x66.jpg 100w, https:\/\/lifepinassa.eu\/wp-content\/uploads\/2016\/05\/3-Zona-tractada-a-la-Vall-de-Massanes-150x99.jpg 150w, https:\/\/lifepinassa.eu\/wp-content\/uploads\/2016\/05\/3-Zona-tractada-a-la-Vall-de-Massanes-200x132.jpg 200w, https:\/\/lifepinassa.eu\/wp-content\/uploads\/2016\/05\/3-Zona-tractada-a-la-Vall-de-Massanes-450x298.jpg 450w, https:\/\/lifepinassa.eu\/wp-content\/uploads\/2016\/05\/3-Zona-tractada-a-la-Vall-de-Massanes-600x398.jpg 600w, https:\/\/lifepinassa.eu\/wp-content\/uploads\/2016\/05\/3-Zona-tractada-a-la-Vall-de-Massanes-900x597.jpg 900w\" sizes=\"(max-width: 605px) 100vw, 605px\" \/><\/a><p id=\"caption-attachment-1087\" class=\"wp-caption-text\">Zona tractada a la Vall de Massanes<\/p><\/div>\n<div id=\"attachment_1088\" style=\"width: 615px\" class=\"wp-caption aligncenter\"><a href=\"http:\/\/lifepinassa.eu\/wp-content\/uploads\/2016\/05\/4-Zona-tractada-a-Torre-de-Merl\u00ed.jpg\"><img aria-describedby=\"caption-attachment-1088\" decoding=\"async\" loading=\"lazy\" class=\"size-large wp-image-1088\" src=\"http:\/\/lifepinassa.eu\/wp-content\/uploads\/2016\/05\/4-Zona-tractada-a-Torre-de-Merl\u00ed-1024x768.jpg\" alt=\"Zona tractada a Torre de Merl\u00ed\" width=\"605\" height=\"453\" srcset=\"https:\/\/lifepinassa.eu\/wp-content\/uploads\/2016\/05\/4-Zona-tractada-a-Torre-de-Merl\u00ed-1024x768.jpg 1024w, https:\/\/lifepinassa.eu\/wp-content\/uploads\/2016\/05\/4-Zona-tractada-a-Torre-de-Merl\u00ed-300x225.jpg 300w, https:\/\/lifepinassa.eu\/wp-content\/uploads\/2016\/05\/4-Zona-tractada-a-Torre-de-Merl\u00ed-100x75.jpg 100w, https:\/\/lifepinassa.eu\/wp-content\/uploads\/2016\/05\/4-Zona-tractada-a-Torre-de-Merl\u00ed-150x112.jpg 150w, https:\/\/lifepinassa.eu\/wp-content\/uploads\/2016\/05\/4-Zona-tractada-a-Torre-de-Merl\u00ed-200x150.jpg 200w, https:\/\/lifepinassa.eu\/wp-content\/uploads\/2016\/05\/4-Zona-tractada-a-Torre-de-Merl\u00ed-450x337.jpg 450w, https:\/\/lifepinassa.eu\/wp-content\/uploads\/2016\/05\/4-Zona-tractada-a-Torre-de-Merl\u00ed-600x450.jpg 600w, https:\/\/lifepinassa.eu\/wp-content\/uploads\/2016\/05\/4-Zona-tractada-a-Torre-de-Merl\u00ed-900x675.jpg 900w\" sizes=\"(max-width: 605px) 100vw, 605px\" \/><\/a><p id=\"caption-attachment-1088\" class=\"wp-caption-text\">Zona tractada a Torre de Merl\u00ed<\/p><\/div>\n","protected":false},"excerpt":{"rendered":"<p>Durant els mesos de\u00a0mar\u00e7 i abril del 2016\u00a0s\u2019han realitzat els tractaments mec\u00e0nics de l\u2019acci\u00f3 C6 (aquest acci\u00f3 compr\u00e8n dos tipus de tractaments: mec\u00e0nics i amb cremes prescrites),en els dos \u00e0mbits de distribuci\u00f3 de la pinassa, l\u2019\u00e0mbit Prepirinenc i central i<span class=\"ellipsis\">&hellip;<\/span><\/p>\n<div class=\"read-more\"><a href=\"https:\/\/lifepinassa.eu\/?p=1079\">Read more &#8250;<\/a><\/div>\n<p><!-- end of .read-more --><\/p>\n","protected":false},"author":1,"featured_media":0,"comment_status":"open","ping_status":"open","sticky":false,"template":"","format":"standard","meta":{"om_disable_all_campaigns":false,"_mi_skip_tracking":false,"ngg_post_thumbnail":0},"categories":[61,53],"tags":[],"aioseo_notices":[],"_links":{"self":[{"href":"https:\/\/lifepinassa.eu\/index.php?rest_route=\/wp\/v2\/posts\/1079"}],"collection":[{"href":"https:\/\/lifepinassa.eu\/index.php?rest_route=\/wp\/v2\/posts"}],"about":[{"href":"https:\/\/lifepinassa.eu\/index.php?rest_route=\/wp\/v2\/types\/post"}],"author":[{"embeddable":true,"href":"https:\/\/lifepinassa.eu\/index.php?rest_route=\/wp\/v2\/users\/1"}],"replies":[{"embeddable":true,"href":"https:\/\/lifepinassa.eu\/index.php?rest_route=%2Fwp%2Fv2%2Fcomments&post=1079"}],"version-history":[{"count":3,"href":"https:\/\/lifepinassa.eu\/index.php?rest_route=\/wp\/v2\/posts\/1079\/revisions"}],"predecessor-version":[{"id":1089,"href":"https:\/\/lifepinassa.eu\/index.php?rest_route=\/wp\/v2\/posts\/1079\/revisions\/1089"}],"wp:attachment":[{"href":"https:\/\/lifepinassa.eu\/index.php?rest_route=%2Fwp%2Fv2%2Fmedia&parent=1079"}],"wp:term":[{"taxonomy":"category","embeddable":true,"href":"https:\/\/lifepinassa.eu\/index.php?rest_route=%2Fwp%2Fv2%2Fcategories&post=1079"},{"taxonomy":"post_tag","embeddable":true,"href":"https:\/\/lifepinassa.eu\/index.php?rest_route=%2Fwp%2Fv2%2Ftags&post=1079"}],"curies":[{"name":"wp","href":"https:\/\/api.w.org\/{rel}","templated":true}]}}